{"@context":"https:\/\/schema.org\/","@type":"CollectionPage","@id":"https:\/\/www.nacevi.cz\/vyrobky\/#CollectionPage","headline":"V\u00fdrobky Category","description":"","url":"https:\/\/www.nacevi.cz\/vyrobky\/","hasPart":[{"@type":"Article","@id":"https:\/\/www.nacevi.cz\/jak-si-doma-vyrobit-kouzlo-podzimu\/","headline":"Jak si doma vyrobit kouzlo podzimu?","url":"https:\/\/www.nacevi.cz\/jak-si-doma-vyrobit-kouzlo-podzimu\/","datePublished":"2019-10-03","dateModified":"2023-05-02","mainEntityOfPage":"https:\/\/www.nacevi.cz\/jak-si-doma-vyrobit-kouzlo-podzimu\/","author":{"@type":"Person","@id":"https:\/\/www.nacevi.cz\/author\/#Person","name":"","url":"https:\/\/www.nacevi.cz\/author\/","identifier":1,"image":{"@type":"ImageObject","@id":"https:\/\/secure.gravatar.com\/avatar\/91b1fc57487c55a66a7777af0dd690bf69c571b4a9b15cda0db8854a78b7888c?s=96&d=mm&r=g","url":"https:\/\/secure.gravatar.com\/avatar\/91b1fc57487c55a66a7777af0dd690bf69c571b4a9b15cda0db8854a78b7888c?s=96&d=mm&r=g","height":96,"width":96}},"publisher":{"@type":"Organization","name":"nacevi.cz","logo":{"@type":"ImageObject","@id":"\/logo.png","url":"\/logo.png","width":600,"height":60}},"image":{"@type":"ImageObject","@id":"https:\/\/www.nacevi.cz\/wp-content\/uploads\/img_a356438_w3898_t1570972253.jpg","url":"https:\/\/www.nacevi.cz\/wp-content\/uploads\/img_a356438_w3898_t1570972253.jpg","height":0,"width":0},"keywords":null},{"@type":"Article","@id":"https:\/\/www.nacevi.cz\/solarni-sprchu-si-muze-dovolit-kazdy\/","headline":"Sol\u00e1rn\u00ed sprchu si m\u016f\u017ee dovolit ka\u017ed\u00fd","url":"https:\/\/www.nacevi.cz\/solarni-sprchu-si-muze-dovolit-kazdy\/","datePublished":"2019-09-12","dateModified":"2023-05-02","mainEntityOfPage":"https:\/\/www.nacevi.cz\/solarni-sprchu-si-muze-dovolit-kazdy\/","author":{"@type":"Person","@id":"https:\/\/www.nacevi.cz\/author\/#Person","name":"","url":"https:\/\/www.nacevi.cz\/author\/","identifier":1,"image":{"@type":"ImageObject","@id":"https:\/\/secure.gravatar.com\/avatar\/91b1fc57487c55a66a7777af0dd690bf69c571b4a9b15cda0db8854a78b7888c?s=96&d=mm&r=g","url":"https:\/\/secure.gravatar.com\/avatar\/91b1fc57487c55a66a7777af0dd690bf69c571b4a9b15cda0db8854a78b7888c?s=96&d=mm&r=g","height":96,"width":96}},"publisher":{"@type":"Organization","name":"nacevi.cz","logo":{"@type":"ImageObject","@id":"\/logo.png","url":"\/logo.png","width":600,"height":60}},"image":{"@type":"ImageObject","@id":"https:\/\/www.nacevi.cz\/wp-content\/uploads\/img_a350976_w1743_t1565773921.jpg","url":"https:\/\/www.nacevi.cz\/wp-content\/uploads\/img_a350976_w1743_t1565773921.jpg","height":0,"width":0},"keywords":null},{"@type":"Article","@id":"https:\/\/www.nacevi.cz\/5-nejlepsich-ceskych-filmu-roku-2018\/","headline":"5 nejlep\u0161\u00edch \u010desk\u00fdch film\u016f roku 2018","url":"https:\/\/www.nacevi.cz\/5-nejlepsich-ceskych-filmu-roku-2018\/","datePublished":"2019-06-12","dateModified":"2023-05-02","mainEntityOfPage":"https:\/\/www.nacevi.cz\/5-nejlepsich-ceskych-filmu-roku-2018\/","author":{"@type":"Person","@id":"https:\/\/www.nacevi.cz\/author\/#Person","name":"","url":"https:\/\/www.nacevi.cz\/author\/","identifier":1,"image":{"@type":"ImageObject","@id":"https:\/\/secure.gravatar.com\/avatar\/91b1fc57487c55a66a7777af0dd690bf69c571b4a9b15cda0db8854a78b7888c?s=96&d=mm&r=g","url":"https:\/\/secure.gravatar.com\/avatar\/91b1fc57487c55a66a7777af0dd690bf69c571b4a9b15cda0db8854a78b7888c?s=96&d=mm&r=g","height":96,"width":96}},"publisher":{"@type":"Organization","name":"nacevi.cz","logo":{"@type":"ImageObject","@id":"\/logo.png","url":"\/logo.png","width":600,"height":60}},"image":{"@type":"ImageObject","@id":"https:\/\/www.nacevi.cz\/wp-content\/uploads\/img_a348896_w1773_t1563698905.jpg","url":"https:\/\/www.nacevi.cz\/wp-content\/uploads\/img_a348896_w1773_t1563698905.jpg","height":0,"width":0},"keywords":null},{"@type":"Article","@id":"https:\/\/www.nacevi.cz\/cechy-krasne-cechy-me\/","headline":"\u010cechy kr\u00e1sn\u00e9, \u010cechy m\u00e9","url":"https:\/\/www.nacevi.cz\/cechy-krasne-cechy-me\/","datePublished":"2019-04-13","dateModified":"2023-05-02","mainEntityOfPage":"https:\/\/www.nacevi.cz\/cechy-krasne-cechy-me\/","author":{"@type":"Person","@id":"https:\/\/www.nacevi.cz\/author\/#Person","name":"","url":"https:\/\/www.nacevi.cz\/author\/","identifier":1,"image":{"@type":"ImageObject","@id":"https:\/\/secure.gravatar.com\/avatar\/91b1fc57487c55a66a7777af0dd690bf69c571b4a9b15cda0db8854a78b7888c?s=96&d=mm&r=g","url":"https:\/\/secure.gravatar.com\/avatar\/91b1fc57487c55a66a7777af0dd690bf69c571b4a9b15cda0db8854a78b7888c?s=96&d=mm&r=g","height":96,"width":96}},"publisher":{"@type":"Organization","name":"nacevi.cz","logo":{"@type":"ImageObject","@id":"\/logo.png","url":"\/logo.png","width":600,"height":60}},"image":{"@type":"ImageObject","@id":"https:\/\/www.nacevi.cz\/wp-content\/uploads\/img_a344741_w2112_t1558596590.jpg","url":"https:\/\/www.nacevi.cz\/wp-content\/uploads\/img_a344741_w2112_t1558596590.jpg","height":0,"width":0},"keywords":null},{"@type":"Article","@id":"https:\/\/www.nacevi.cz\/s-pronajatou-dodavkou-prestehujete-svuj-byt-za-hubicku\/","headline":"S pronajatou dod\u00e1vkou p\u0159est\u011bhujete sv\u016fj byt za hubi\u010dku","url":"https:\/\/www.nacevi.cz\/s-pronajatou-dodavkou-prestehujete-svuj-byt-za-hubicku\/","datePublished":"2018-07-21","dateModified":"2023-05-02","mainEntityOfPage":"https:\/\/www.nacevi.cz\/s-pronajatou-dodavkou-prestehujete-svuj-byt-za-hubicku\/","author":{"@type":"Person","@id":"https:\/\/www.nacevi.cz\/author\/#Person","name":"","url":"https:\/\/www.nacevi.cz\/author\/","identifier":1,"image":{"@type":"ImageObject","@id":"https:\/\/secure.gravatar.com\/avatar\/91b1fc57487c55a66a7777af0dd690bf69c571b4a9b15cda0db8854a78b7888c?s=96&d=mm&r=g","url":"https:\/\/secure.gravatar.com\/avatar\/91b1fc57487c55a66a7777af0dd690bf69c571b4a9b15cda0db8854a78b7888c?s=96&d=mm&r=g","height":96,"width":96}},"publisher":{"@type":"Organization","name":"nacevi.cz","logo":{"@type":"ImageObject","@id":"\/logo.png","url":"\/logo.png","width":600,"height":60}},"image":{"@type":"ImageObject","@id":"https:\/\/www.nacevi.cz\/wp-content\/uploads\/img_a320672_w1965_t1531985967.png","url":"https:\/\/www.nacevi.cz\/wp-content\/uploads\/img_a320672_w1965_t1531985967.png","height":0,"width":0},"keywords":null},{"@type":"Article","@id":"https:\/\/www.nacevi.cz\/co-maji-spolecneho-jezisek-carodejnice-kun-a-mikulas\/","headline":"Co maj\u00ed spole\u010dn\u00e9ho Je\u017e\u00ed\u0161ek, \u010darod\u011bjnice, k\u016f\u0148 a Mikul\u00e1\u0161?","url":"https:\/\/www.nacevi.cz\/co-maji-spolecneho-jezisek-carodejnice-kun-a-mikulas\/","datePublished":"2018-06-07","dateModified":"2023-05-02","mainEntityOfPage":"https:\/\/www.nacevi.cz\/co-maji-spolecneho-jezisek-carodejnice-kun-a-mikulas\/","author":{"@type":"Person","@id":"https:\/\/www.nacevi.cz\/author\/#Person","name":"","url":"https:\/\/www.nacevi.cz\/author\/","identifier":1,"image":{"@type":"ImageObject","@id":"https:\/\/secure.gravatar.com\/avatar\/91b1fc57487c55a66a7777af0dd690bf69c571b4a9b15cda0db8854a78b7888c?s=96&d=mm&r=g","url":"https:\/\/secure.gravatar.com\/avatar\/91b1fc57487c55a66a7777af0dd690bf69c571b4a9b15cda0db8854a78b7888c?s=96&d=mm&r=g","height":96,"width":96}},"publisher":{"@type":"Organization","name":"nacevi.cz","logo":{"@type":"ImageObject","@id":"\/logo.png","url":"\/logo.png","width":600,"height":60}},"image":{"@type":"ImageObject","@id":"https:\/\/www.nacevi.cz\/wp-content\/uploads\/img_a320962_w2499_t1532186085.jpg","url":"https:\/\/www.nacevi.cz\/wp-content\/uploads\/img_a320962_w2499_t1532186085.jpg","height":0,"width":0},"keywords":null},{"@type":"Article","@id":"https:\/\/www.nacevi.cz\/seo-optimalizace-praha\/","headline":"Seo optimalizace Praha","url":"https:\/\/www.nacevi.cz\/seo-optimalizace-praha\/","datePublished":"2018-04-11","dateModified":"2023-05-02","mainEntityOfPage":"https:\/\/www.nacevi.cz\/seo-optimalizace-praha\/","author":{"@type":"Person","@id":"https:\/\/www.nacevi.cz\/author\/#Person","name":"","url":"https:\/\/www.nacevi.cz\/author\/","identifier":1,"image":{"@type":"ImageObject","@id":"https:\/\/secure.gravatar.com\/avatar\/91b1fc57487c55a66a7777af0dd690bf69c571b4a9b15cda0db8854a78b7888c?s=96&d=mm&r=g","url":"https:\/\/secure.gravatar.com\/avatar\/91b1fc57487c55a66a7777af0dd690bf69c571b4a9b15cda0db8854a78b7888c?s=96&d=mm&r=g","height":96,"width":96}},"publisher":{"@type":"Organization","name":"nacevi.cz","logo":{"@type":"ImageObject","@id":"\/logo.png","url":"\/logo.png","width":600,"height":60}},"image":{"@type":"ImageObject","@id":"https:\/\/www.nacevi.cz\/wp-content\/uploads\/img_a317004_w2193_t1527766937.jpg","url":"https:\/\/www.nacevi.cz\/wp-content\/uploads\/img_a317004_w2193_t1527766937.jpg","height":0,"width":0},"keywords":null},{"@type":"Article","@id":"https:\/\/www.nacevi.cz\/moda-prvni-poloviny-20-stoleti\/","headline":"M\u00f3da prvn\u00ed poloviny 20. stolet\u00ed","url":"https:\/\/www.nacevi.cz\/moda-prvni-poloviny-20-stoleti\/","datePublished":"2018-02-12","dateModified":"2023-05-02","mainEntityOfPage":"https:\/\/www.nacevi.cz\/moda-prvni-poloviny-20-stoleti\/","author":{"@type":"Person","@id":"https:\/\/www.nacevi.cz\/author\/#Person","name":"","url":"https:\/\/www.nacevi.cz\/author\/","identifier":1,"image":{"@type":"ImageObject","@id":"https:\/\/secure.gravatar.com\/avatar\/91b1fc57487c55a66a7777af0dd690bf69c571b4a9b15cda0db8854a78b7888c?s=96&d=mm&r=g","url":"https:\/\/secure.gravatar.com\/avatar\/91b1fc57487c55a66a7777af0dd690bf69c571b4a9b15cda0db8854a78b7888c?s=96&d=mm&r=g","height":96,"width":96}},"publisher":{"@type":"Organization","name":"nacevi.cz","logo":{"@type":"ImageObject","@id":"\/logo.png","url":"\/logo.png","width":600,"height":60}},"image":{"@type":"ImageObject","@id":"https:\/\/www.nacevi.cz\/wp-content\/uploads\/img_a312805_w2439_t1523559417.jpg","url":"https:\/\/www.nacevi.cz\/wp-content\/uploads\/img_a312805_w2439_t1523559417.jpg","height":0,"width":0},"keywords":null},{"@type":"Article","@id":"https:\/\/www.nacevi.cz\/skola-vareni-naucime-varit-kazdeho\/","headline":"\u0160kola va\u0159en\u00ed \u2013 nau\u010d\u00edme va\u0159it ka\u017ed\u00e9ho","url":"https:\/\/www.nacevi.cz\/skola-vareni-naucime-varit-kazdeho\/","datePublished":"2017-02-19","dateModified":"2023-05-02","mainEntityOfPage":"https:\/\/www.nacevi.cz\/skola-vareni-naucime-varit-kazdeho\/","author":{"@type":"Person","@id":"https:\/\/www.nacevi.cz\/author\/#Person","name":"","url":"https:\/\/www.nacevi.cz\/author\/","identifier":1,"image":{"@type":"ImageObject","@id":"https:\/\/secure.gravatar.com\/avatar\/91b1fc57487c55a66a7777af0dd690bf69c571b4a9b15cda0db8854a78b7888c?s=96&d=mm&r=g","url":"https:\/\/secure.gravatar.com\/avatar\/91b1fc57487c55a66a7777af0dd690bf69c571b4a9b15cda0db8854a78b7888c?s=96&d=mm&r=g","height":96,"width":96}},"publisher":{"@type":"Organization","name":"nacevi.cz","logo":{"@type":"ImageObject","@id":"\/logo.png","url":"\/logo.png","width":600,"height":60}},"image":null,"keywords":null}]}