[{"@context":"https:\/\/schema.org\/","@type":"Article","@id":"https:\/\/www.nacevi.cz\/vestavene-skrine-praha\/#Article","mainEntityOfPage":"https:\/\/www.nacevi.cz\/vestavene-skrine-praha\/","headline":"Vestav\u011bn\u00e9 sk\u0159\u00edn\u011b Praha","name":"Vestav\u011bn\u00e9 sk\u0159\u00edn\u011b Praha","description":"Mnoho lid\u00ed ji\u017e zn\u00e1 pocit optick\u00e9ho zv\u011bt\u0161en\u00ed m\u00edstnosti, pokud ji vybarv\u00edte sv\u011btlou barvou. tuto vlastnost mohou m\u00edt tak\u00e9 a nav\u00edc dok\u00e1\u017eou zv\u011bt\u0161it prostory d\u00edky \u0161ikovn\u00fdm dopl\u0148k\u016fm. Hlavn\u00ed p\u0159ednost m\u00e1 v\u0161ak jejich p\u0159izp\u016fsobivost. V dne\u0161n\u00ed dob\u011b je velice obt\u00ed\u017en\u00e9 sehnat p\u0159edm\u011bty, kter\u00e9 by m\u011bly z\u00e1rove\u0148 jak praktick\u00e9, tak i estetick\u00e9 vyu\u017eit\u00ed a k tomu, aby dok\u00e1zaly [&hellip;]","datePublished":"2024-11-11","dateModified":"2024-11-11","author":{"@type":"Person","@id":"https:\/\/www.nacevi.cz\/author\/#Person","name":"","url":"https:\/\/www.nacevi.cz\/author\/","identifier":1,"image":{"@type":"ImageObject","@id":"https:\/\/secure.gravatar.com\/avatar\/91b1fc57487c55a66a7777af0dd690bf69c571b4a9b15cda0db8854a78b7888c?s=96&d=mm&r=g","url":"https:\/\/secure.gravatar.com\/avatar\/91b1fc57487c55a66a7777af0dd690bf69c571b4a9b15cda0db8854a78b7888c?s=96&d=mm&r=g","height":96,"width":96}},"publisher":{"@type":"Organization","name":"nacevi.cz","logo":{"@type":"ImageObject","@id":"\/logo.png","url":"\/logo.png","width":600,"height":60}},"url":"https:\/\/www.nacevi.cz\/vestavene-skrine-praha\/","wordCount":192,"articleBody":"Mnoho lid\u00ed ji\u017e zn\u00e1 pocit optick\u00e9ho zv\u011bt\u0161en\u00ed m\u00edstnosti, pokud ji vybarv\u00edte sv\u011btlou barvou. tuto vlastnost mohou m\u00edt tak\u00e9 a nav\u00edc dok\u00e1\u017eou zv\u011bt\u0161it prostory d\u00edky \u0161ikovn\u00fdm dopl\u0148k\u016fm. Hlavn\u00ed p\u0159ednost m\u00e1 v\u0161ak jejich p\u0159izp\u016fsobivost.V dne\u0161n\u00ed dob\u011b je velice obt\u00ed\u017en\u00e9 sehnat p\u0159edm\u011bty, kter\u00e9 by m\u011bly z\u00e1rove\u0148 jak praktick\u00e9, tak i estetick\u00e9 vyu\u017eit\u00ed a k tomu, aby dok\u00e1zaly p\u0159em\u011bnit \u0161patn\u011b dostupn\u00e1 m\u00edsta v lehce p\u0159\u00edstupn\u00e1. Vestav\u011bn\u00e9 sk\u0159\u00edn\u011b v\u00e1m v\u0161echny tyto vlastnosti dovol\u00ed spojit a m\u00edsto v pokoji zaplnit tak, \u017ee z n\u011bj v\u0161ichni budou m\u00edt radost.Vestav\u011bn\u00e9 sk\u0159\u00edn\u011b pro v\u0161echnyNab\u00edz\u00edme vestav\u011bn\u00e9 sk\u0159\u00edn\u011b. To znamen\u00e1, \u017ee na\u0161e vestav\u011bn\u00e9 sk\u0159\u00edn\u011b se hod\u00ed ke ka\u017ed\u00e9mu typu \u010dlov\u011bka i ke ka\u017ed\u00e9mu typu bytu. Jeliko\u017e je v\u0161e sestaven\u00e9 podle V\u00e1s. M\u00edt kr\u00e1sn\u00fd kus n\u00e1bytku doma nebylo nikdy jednodu\u0161\u0161\u00ed, ne\u017e dnes. A co teprve navrhnut\u00fd cel\u00fd podle V\u00e1s?                                                                                                                                                                                                                                                                                                                                                                                        5\/5 - (2 votes)        "},{"@context":"https:\/\/schema.org\/","@type":"BreadcrumbList","itemListElement":[{"@type":"ListItem","position":1,"name":"Vestav\u011bn\u00e9 sk\u0159\u00edn\u011b Praha","item":"https:\/\/www.nacevi.cz\/vestavene-skrine-praha\/#breadcrumbitem"}]}]