[{"@context":"https:\/\/schema.org\/","@type":"Article","@id":"https:\/\/www.nacevi.cz\/udelejte-neco-pro-sebe\/#Article","mainEntityOfPage":"https:\/\/www.nacevi.cz\/udelejte-neco-pro-sebe\/","headline":"Ud\u011blejte n\u011bco pro sebe","name":"Ud\u011blejte n\u011bco pro sebe","description":"Pokud jste jeden z t\u011bch typick\u00fdch ob\u010dan\u016f, kte\u0159\u00ed jsou v\u011bt\u0161inu sv\u00e9ho \u017eivotn\u00edho \u010dasu p\u0159ikurtov\u00e1ni n\u011bjak\u00fdm zp\u016fsobem k pr\u00e1ci, zam\u011bstn\u00e1n\u00ed, \u00fakol\u016fm, pak asi v\u00edte, \u017ee nejd\u016fle\u017eit\u011bj\u0161\u00ed probl\u00e9m relaxace a regenerace sil je v tom, jak si na n\u011b vy\u010dlenit voln\u00fd \u010das. Tento probl\u00e9m nem\u00e1 jednoduch\u00e9 \u0159e\u0161en\u00ed, t\u00edm sp\u00ed\u0161, \u017ee dne\u0161n\u00ed doba nep\u0159eje pravideln\u00e9mu \u017eivotn\u00edmu rytmu. Jak [&hellip;]","datePublished":"2025-01-11","dateModified":"2025-01-11","author":{"@type":"Person","@id":"https:\/\/www.nacevi.cz\/author\/#Person","name":"","url":"https:\/\/www.nacevi.cz\/author\/","identifier":1,"image":{"@type":"ImageObject","@id":"https:\/\/secure.gravatar.com\/avatar\/91b1fc57487c55a66a7777af0dd690bf69c571b4a9b15cda0db8854a78b7888c?s=96&d=mm&r=g","url":"https:\/\/secure.gravatar.com\/avatar\/91b1fc57487c55a66a7777af0dd690bf69c571b4a9b15cda0db8854a78b7888c?s=96&d=mm&r=g","height":96,"width":96}},"publisher":{"@type":"Organization","name":"nacevi.cz","logo":{"@type":"ImageObject","@id":"\/logo.png","url":"\/logo.png","width":600,"height":60}},"url":"https:\/\/www.nacevi.cz\/udelejte-neco-pro-sebe\/","wordCount":180,"articleBody":"Pokud jste jeden z t\u011bch typick\u00fdch ob\u010dan\u016f, kte\u0159\u00ed jsou v\u011bt\u0161inu sv\u00e9ho \u017eivotn\u00edho \u010dasu p\u0159ikurtov\u00e1ni n\u011bjak\u00fdm zp\u016fsobem k pr\u00e1ci, zam\u011bstn\u00e1n\u00ed, \u00fakol\u016fm, pak asi v\u00edte, \u017ee nejd\u016fle\u017eit\u011bj\u0161\u00ed probl\u00e9m relaxace a regenerace sil je v tom, jak si na n\u011b vy\u010dlenit voln\u00fd \u010das. Tento probl\u00e9m nem\u00e1 jednoduch\u00e9 \u0159e\u0161en\u00ed, t\u00edm sp\u00ed\u0161, \u017ee dne\u0161n\u00ed doba nep\u0159eje pravideln\u00e9mu \u017eivotn\u00edmu rytmu. Jak si tedy vy\u010dlenit pravidelnou chv\u00edli pro sebe na odpo\u010dinek? Dom\u00e1c\u00ed \u0159e\u0161en\u00ed Asi nejoptim\u00e1ln\u011bj\u0161\u00edm \u0159e\u0161en\u00edm t\u011bchto \u010dasov\u00fdch probl\u00e9m\u016f je, za\u0159\u00eddit si mo\u017enost relaxace a oddychu p\u0159\u00edmo ve vlastn\u00edm domov\u011b. Pak nejste z\u00e1visl\u00ed nap\u0159\u00edklad na otv\u00edrac\u00edch dob\u00e1ch relaxa\u010dn\u00edch za\u0159\u00edzen\u00ed a m\u016f\u017eete si kdykoliv oddychnout v pohodl\u00ed domova, p\u0159esn\u011b tak, jak pot\u0159ebujete. Nejjednodu\u0161\u0161\u00edm zp\u016fsobem, jak si takto pomoci sami, je asi zakoupit si dom\u00e1c\u00ed v\u00ed\u0159ivku.                                                                                                                                                                                                                                                                                                                                                                                        4\/5 - (1 vote)        "},{"@context":"https:\/\/schema.org\/","@type":"BreadcrumbList","itemListElement":[{"@type":"ListItem","position":1,"name":"Ud\u011blejte n\u011bco pro sebe","item":"https:\/\/www.nacevi.cz\/udelejte-neco-pro-sebe\/#breadcrumbitem"}]}]