[{"@context":"https:\/\/schema.org\/","@type":"Article","@id":"https:\/\/www.nacevi.cz\/tesime-se-na-finale-ve-fed-cupu\/#Article","mainEntityOfPage":"https:\/\/www.nacevi.cz\/tesime-se-na-finale-ve-fed-cupu\/","headline":"T\u011b\u0161\u00edme se na fin\u00e1le ve Fed Cupu","name":"T\u011b\u0161\u00edme se na fin\u00e1le ve Fed Cupu","description":"Je nutn\u00e9 p\u0159iznat, \u017ee letos pod\u00e1vaj\u00ed lep\u0161\u00ed v\u00fdkony na\u0161e \u017eeny. Zanedlouho se p\u0159edstav\u00ed ve fin\u00e1le t\u00fdmov\u00e9 sout\u011b\u017ee. \u010cek\u00e1 je velmi t\u011b\u017ek\u00fd soupe\u0159, a t\u00edm je Rusko. Kdo nastoup\u00ed v jejich sestav\u011b? O sestav\u011b ji\u017e asi p\u0159em\u00fd\u0161l\u00ed i n\u00e1\u0161 nehraj\u00edc\u00ed kapit\u00e1n Petr P\u00e1la. Koho asi nominuje? Hned t\u0159i na\u0161e reprezentantky najdeme v top des\u00edtce na \u017eeb\u0159\u00ed\u010dku [&hellip;]","datePublished":"2025-01-24","dateModified":"2025-01-24","author":{"@type":"Person","@id":"https:\/\/www.nacevi.cz\/author\/#Person","name":"","url":"https:\/\/www.nacevi.cz\/author\/","identifier":1,"image":{"@type":"ImageObject","@id":"https:\/\/secure.gravatar.com\/avatar\/91b1fc57487c55a66a7777af0dd690bf69c571b4a9b15cda0db8854a78b7888c?s=96&d=mm&r=g","url":"https:\/\/secure.gravatar.com\/avatar\/91b1fc57487c55a66a7777af0dd690bf69c571b4a9b15cda0db8854a78b7888c?s=96&d=mm&r=g","height":96,"width":96}},"publisher":{"@type":"Organization","name":"nacevi.cz","logo":{"@type":"ImageObject","@id":"\/logo.png","url":"\/logo.png","width":600,"height":60}},"url":"https:\/\/www.nacevi.cz\/tesime-se-na-finale-ve-fed-cupu\/","wordCount":176,"articleBody":"Je nutn\u00e9 p\u0159iznat, \u017ee letos pod\u00e1vaj\u00ed lep\u0161\u00ed v\u00fdkony na\u0161e \u017eeny. Zanedlouho se p\u0159edstav\u00ed ve fin\u00e1le t\u00fdmov\u00e9 sout\u011b\u017ee. \u010cek\u00e1 je velmi t\u011b\u017ek\u00fd soupe\u0159, a t\u00edm je Rusko. Kdo nastoup\u00ed v jejich sestav\u011b? O sestav\u011b ji\u017e asi p\u0159em\u00fd\u0161l\u00ed i n\u00e1\u0161 nehraj\u00edc\u00ed kapit\u00e1n Petr P\u00e1la. Koho asi nominuje? Hned t\u0159i na\u0161e reprezentantky najdeme v top des\u00edtce na \u017eeb\u0159\u00ed\u010dku ATP. V\u0161e budeme sledovat s live tenisem. Kdo nastoup\u00ed proti Rusk\u00e1m? V\u0161ichni fanou\u0161ci tohoto sportovn\u00edho odv\u011btv\u00ed ji\u017e p\u0159em\u00fd\u0161lej\u00ed, kdo nastoup\u00ed v na\u0161ich \u0159ad\u00e1ch a kdo za na\u0161e soupe\u0159e. Pokud budou oba t\u00fdmy v nejsiln\u011bj\u0161\u00edch sestav\u00e1ch, m\u00e1me se na co t\u011b\u0161it. D\u00e1 se o\u010dek\u00e1vat tuh\u00fd boj. Poraz\u00edme je? V\u011b\u0159\u00edme na\u0161im \u017een\u00e1m. Maj\u00ed skv\u011bl\u00e9 dru\u017estvo. Na\u0161i fanou\u0161ci rozhodn\u011b nebudou chyb\u011bt. Sledujte n\u00e1s v na\u0161em zpravodajstv\u00ed. T\u011b\u0161\u00edme se na live tenis.                                                                                                                                                                                                                                                                                                                                                                                        4.4\/5 - (5 votes)        "},{"@context":"https:\/\/schema.org\/","@type":"BreadcrumbList","itemListElement":[{"@type":"ListItem","position":1,"name":"T\u011b\u0161\u00edme se na fin\u00e1le ve Fed Cupu","item":"https:\/\/www.nacevi.cz\/tesime-se-na-finale-ve-fed-cupu\/#breadcrumbitem"}]}]