[{"@context":"https:\/\/schema.org\/","@type":"Article","@id":"https:\/\/www.nacevi.cz\/sekani-zahrady\/#Article","mainEntityOfPage":"https:\/\/www.nacevi.cz\/sekani-zahrady\/","headline":"Sek\u00e1n\u00ed zahrady","name":"Sek\u00e1n\u00ed zahrady","description":"Dnes bych se s v\u00e1mi pod\u011blila o m\u00e9 zku\u0161enosti z\u00a0posledn\u00edch let, kdy se za\u010d\u00edn\u00e1m pln\u011b v\u011bnovat na\u0161emu rodinn\u00e9mu domu. Bude to pro n\u011bkoho docela neobvykl\u00e9 t\u00e9ma, a to je sek\u00e1n\u00ed zahrady. Pokud vlastn\u00edte bar\u00e1\u010dek se zahradou, nebo jen zahradu n\u011bkde na okraji m\u011bsta, tak tak\u00e9 mus\u00edte sekat zahradu. V\u011bt\u0161ina z\u00a0n\u00e1s sek\u00e1 zahradu jen, co tr\u00e1va [&hellip;]","datePublished":"2019-11-02","dateModified":"2023-05-02","author":{"@type":"Person","@id":"https:\/\/www.nacevi.cz\/author\/#Person","name":"","url":"https:\/\/www.nacevi.cz\/author\/","identifier":1,"image":{"@type":"ImageObject","@id":"https:\/\/secure.gravatar.com\/avatar\/91b1fc57487c55a66a7777af0dd690bf69c571b4a9b15cda0db8854a78b7888c?s=96&d=mm&r=g","url":"https:\/\/secure.gravatar.com\/avatar\/91b1fc57487c55a66a7777af0dd690bf69c571b4a9b15cda0db8854a78b7888c?s=96&d=mm&r=g","height":96,"width":96}},"publisher":{"@type":"Organization","name":"nacevi.cz","logo":{"@type":"ImageObject","@id":"\/logo.png","url":"\/logo.png","width":600,"height":60}},"image":{"@type":"ImageObject","@id":"https:\/\/www.nacevi.cz\/wp-content\/uploads\/img_a359494_w3898_t1573394006.jpg","url":"https:\/\/www.nacevi.cz\/wp-content\/uploads\/img_a359494_w3898_t1573394006.jpg","height":0,"width":0},"url":"https:\/\/www.nacevi.cz\/sekani-zahrady\/","about":["Zahrada a d\u016fm"],"wordCount":514,"articleBody":"Dnes bych se s v\u00e1mi pod\u011blila o m\u00e9 zku\u0161enosti z\u00a0posledn\u00edch let, kdy se za\u010d\u00edn\u00e1m pln\u011b v\u011bnovat na\u0161emu rodinn\u00e9mu domu. Bude to pro n\u011bkoho docela neobvykl\u00e9 t\u00e9ma, a to je sek\u00e1n\u00ed zahrady.Pokud vlastn\u00edte bar\u00e1\u010dek se zahradou, nebo jen zahradu n\u011bkde na okraji m\u011bsta, tak tak\u00e9 mus\u00edte sekat zahradu.V\u011bt\u0161ina z\u00a0n\u00e1s sek\u00e1 zahradu jen, co tr\u00e1va o kous\u00ed\u010dek povyroste. Ale zkou\u0161eli jste n\u011bkdy nechat tr\u00e1vu trochu povyr\u016fst &#8211; nebo jste prost\u011b jen nem\u011bli tolik \u010dasu na sek\u00e1n\u00ed zahrady? Mus\u00edm \u0159\u00edct, \u017ee ob\u010das na sek\u00e1n\u00ed \u010das prost\u011b nen\u00ed. A nerada p\u0159izn\u00e1v\u00e1m, \u017ee letos tedy moc \u010dasu na sek\u00e1n\u00ed nebylo \u2013 a to hned n\u011bkolikr\u00e1t, abych \u0159ekla pravdu. A mile m\u011b to p\u0159ekvapilo. Na zahrad\u011b u\u017e dlouho nevid\u011bla tolik kv\u011btin a mot\u00fdl\u016f p\u0159el\u00e9taj\u00edc\u00edch z\u00a0jednoho kv\u011btu na druh\u00fd. Tato atmosf\u00e9ra na m\u011b ud\u011blala neuv\u011b\u0159iteln\u00fd dojem.Ale je v\u016fbec spr\u00e1vn\u00e9, \u017ee pr\u00e1v\u011b nap\u0159\u00edklad mot\u00fdl\u016fm, bereme m\u00edsta, kde mohou \u017e\u00edt? Hodn\u011b lid\u00ed vid\u00ed ekologii v\u00a0tom, \u017ee kdy\u017e vyhod\u00ed pap\u00edr, m\u011bl by se vyhodit do velk\u00e9 plastov\u00e9 (nebo \u017eelezn\u00e9) n\u00e1doby, kam jej vyhod\u00ed i dal\u0161\u00ed lid\u00e9. Ale nem\u011bla by b\u00fdt ekologie i to, \u017ee nech\u00e1me na zahrad\u011b tr\u00e1vu alespo\u0148 trochu povyr\u016fst, aby m\u011bl hmyz kam sedat a kde \u017e\u00edt?Mysl\u00edm si, \u017ee v\u00a0d\u0159\u00edv\u011bj\u0161\u00ed dob\u011b jsme s\u00a0p\u0159\u00edrodou \u017eili daleko l\u00e9pe. Tr\u00e1va se sekala kosou a nemohla se sekat dvakr\u00e1t do t\u00fddne, proto\u017ee to, za prv\u00e9 zab\u00edralo a\u017e moc \u010dasu, a za druh\u00e9 by se asi takov\u00e1 tr\u00e1va sekala hodn\u011b \u0161patn\u011b.Mysl\u00edm si, \u017ee bychom se m\u011bli trochu zamyslet nad p\u0159\u00edrodou, ve kter\u00e9 \u017eijeme. Nikoho z\u00a0n\u00e1s nezabije, kdy\u017e nech\u00e1 tr\u00e1vu malinko povyr\u016fst. A pokud si mysl\u00edte, \u017ee del\u0161\u00ed tr\u00e1va l\u00e1k\u00e1 kl\u00ed\u0161\u0165ata. Nen\u00ed to pravda. Kl\u00ed\u0161\u0165ata se dr\u017e\u00ed jak ve vysok\u00e9, tak i v\u00a0n\u00edzk\u00e9 tr\u00e1v\u011b a my s\u00a0t\u00edm nic neud\u011bl\u00e1me. M\u016f\u017eeme se nechat o\u010dkovat a poka\u017ed\u00e9 se po\u0159\u00e1dn\u011b prohl\u00e9dnout \u2013 sta\u010d\u00ed b\u011bhem sprchov\u00e1n\u00ed.Dal\u0161\u00ed klad, kter\u00fd souvis\u00ed s\u00a0vy\u0161\u0161\u00ed tr\u00e1vou a kv\u011btinami v\u00a0n\u00ed rostouc\u00ed, je to, \u017ee na n\u011b mohou l\u00e9tat v\u010dely. Jeliko\u017e doma v\u010dely m\u00e1m, tak v\u00edm, \u017ee je pro n\u011b t\u011b\u017e\u0161\u00ed a t\u011b\u017e\u0161\u00ed naj\u00edt m\u00edsta, kde by mohla b\u00fdt potrava. A pokud m\u00e1 p\u0159\u00edroda n\u011bjak\u00e9 \u0161patn\u00e9 \u00famysly a zamrznou v\u0161echny kv\u011bty na stromech, v\u010dely prost\u011b nemaj\u00ed, ke jinde sehnat zjara potravu.Proto bych r\u00e1da upozornila na tento probl\u00e9m a pokud alespo\u0148 jeden z\u00a0v\u00e1s za\u010dne nad sek\u00e1n\u00edm tro\u0161ku uva\u017eovat, tak tento \u010dl\u00e1nek jednodu\u0161e n\u011bjak\u00fd ten smysl m\u011bl.                                                                                                                                                                                                                                                                                                                                                                                        4.1\/5 - (11 votes)        "},{"@context":"https:\/\/schema.org\/","@type":"BreadcrumbList","itemListElement":[{"@type":"ListItem","position":1,"name":"Sek\u00e1n\u00ed zahrady","item":"https:\/\/www.nacevi.cz\/sekani-zahrady\/#breadcrumbitem"}]}]