[{"@context":"https:\/\/schema.org\/","@type":"Article","@id":"https:\/\/www.nacevi.cz\/prazdniny-plne-zazitku\/#Article","mainEntityOfPage":"https:\/\/www.nacevi.cz\/prazdniny-plne-zazitku\/","headline":"Pr\u00e1zdniny pln\u00e9 z\u00e1\u017eitk\u016f","name":"Pr\u00e1zdniny pln\u00e9 z\u00e1\u017eitk\u016f","description":"Nem\u016f\u017eete se sv\u00e9mu potomkovi v\u011bnovat cel\u00e9 l\u00e9to a vym\u00fd\u0161l\u00edte mu program, kter\u00fd by byl pro n\u011bj zaj\u00edmav\u00fd a V\u00e1m z\u00e1rove\u0148 poskytl klidn\u00e9 span\u00ed? M\u00e1me pro V\u00e1s \u0159e\u0161en\u00ed a t\u00edm je letn\u00ed t\u00e1bor. D\u00edt\u011b zde pozn\u00e1 nov\u00e9 kamar\u00e1dy, zahraje si r\u016fzn\u00e9 hry a jist\u011b se V\u00e1m dom\u016f vr\u00e1t\u00ed pln\u00e9 z\u00e1\u017eitk\u016f a s t\u00edm, \u017ee p\u0159\u00ed\u0161t\u00ed l\u00e9to [&hellip;]","datePublished":"2025-02-09","dateModified":"2025-02-09","author":{"@type":"Person","@id":"https:\/\/www.nacevi.cz\/author\/#Person","name":"","url":"https:\/\/www.nacevi.cz\/author\/","identifier":1,"image":{"@type":"ImageObject","@id":"https:\/\/secure.gravatar.com\/avatar\/91b1fc57487c55a66a7777af0dd690bf69c571b4a9b15cda0db8854a78b7888c?s=96&d=mm&r=g","url":"https:\/\/secure.gravatar.com\/avatar\/91b1fc57487c55a66a7777af0dd690bf69c571b4a9b15cda0db8854a78b7888c?s=96&d=mm&r=g","height":96,"width":96}},"publisher":{"@type":"Organization","name":"nacevi.cz","logo":{"@type":"ImageObject","@id":"\/logo.png","url":"\/logo.png","width":600,"height":60}},"url":"https:\/\/www.nacevi.cz\/prazdniny-plne-zazitku\/","wordCount":221,"articleBody":"Nem\u016f\u017eete se sv\u00e9mu potomkovi v\u011bnovat cel\u00e9 l\u00e9to a vym\u00fd\u0161l\u00edte mu program, kter\u00fd by byl pro n\u011bj zaj\u00edmav\u00fd a V\u00e1m z\u00e1rove\u0148 poskytl klidn\u00e9 span\u00ed? M\u00e1me pro V\u00e1s \u0159e\u0161en\u00ed a t\u00edm je letn\u00ed t\u00e1bor. D\u00edt\u011b zde pozn\u00e1 nov\u00e9 kamar\u00e1dy, zahraje si r\u016fzn\u00e9 hry a jist\u011b se V\u00e1m dom\u016f vr\u00e1t\u00ed pln\u00e9 z\u00e1\u017eitk\u016f a s t\u00edm, \u017ee p\u0159\u00ed\u0161t\u00ed l\u00e9to chce jet znovu. M\u00e1te-li obavy, zda cel\u00fd pobyt zvl\u00e1dne, po\u0161lete ho na letn\u00ed pobyt se star\u0161\u00edm sourozencem \u010di kamar\u00e1dem.Druhy pr\u00e1zdninov\u00fdch pobyt\u016fKa\u017ed\u00fd letn\u00ed t\u00e1bor nen\u00ed stejn\u00fd. Tyto pobyty jsou bu\u010f v\u0161eobecn\u00e9, nebo speci\u00e1ln\u011b zam\u011b\u0159en\u00e9 na konkr\u00e9tn\u00ed obor \u010dinnosti. V\u0161eobecn\u00e9 pobyty nab\u00edzej\u00ed opravdu r\u016fznorodou \u010dinnost, tak\u017ee si zde ka\u017ed\u00fd p\u0159ijde na sv\u00e9. Na tyto pobyty jezd\u00ed zejm\u00e9na men\u0161\u00ed d\u011bti, kter\u00e9 se pot\u0159ebuj\u00ed otrkat a d\u00e1le d\u011bti bez \u00fazk\u00e9ho zam\u011b\u0159en\u00ed. Specializovan\u00e9 pobyty jsou vhodn\u00e9 pro d\u011bti, kter\u00e9 se danou specializac\u00ed ve voln\u00e9m \u010dase v pr\u016fb\u011bhu roku zab\u00fdvaj\u00ed. Velice obl\u00edben\u00e9 jsou pobyty na kon\u00edch, kde se d\u00edt\u011b nau\u010d\u00ed jak o kon\u011b starat, tak i na n\u011bm jezdit.                                                                                                                                                                                                                                                                                                                                                                                        5\/5 - (1 vote)        "},{"@context":"https:\/\/schema.org\/","@type":"BreadcrumbList","itemListElement":[{"@type":"ListItem","position":1,"name":"Pr\u00e1zdniny pln\u00e9 z\u00e1\u017eitk\u016f","item":"https:\/\/www.nacevi.cz\/prazdniny-plne-zazitku\/#breadcrumbitem"}]}]