[{"@context":"https:\/\/schema.org\/","@type":"Article","@id":"https:\/\/www.nacevi.cz\/pr-neziskovych-organizaci\/#Article","mainEntityOfPage":"https:\/\/www.nacevi.cz\/pr-neziskovych-organizaci\/","headline":"PR neziskov\u00fdch organizac\u00ed","name":"PR neziskov\u00fdch organizac\u00ed","description":"Nejsou to jen komer\u010dn\u00ed objekty, kter\u00e9 se v\u011bnuj\u00ed d\u016fsledn\u00e9mu PR. Jsou to i v\u011bt\u0161\u00ed neziskov\u00e9 organizace, kter\u00e9 vynakl\u00e1daj\u00ed velk\u00e9 \u00fasil\u00ed pro kontakt s ve\u0159ejnost\u00ed. Je d\u016fle\u017eit\u00e9, aby ve\u0159ejnost m\u011bla pov\u011bdom\u00ed o \u010dinnosti t\u00e9 \u010di on\u00e9 organizace a je rovn\u011b\u017e d\u016fle\u017eit\u00e9, aby lid\u00e9 nev\u00e1hali na \u010dinnost organizace p\u0159isp\u00edvat n\u011bjakou tou korunkou nebo t\u0159eba i vy\u0161\u0161\u00edm obnosem. [&hellip;]","datePublished":"2025-02-18","dateModified":"2025-02-18","author":{"@type":"Person","@id":"https:\/\/www.nacevi.cz\/author\/#Person","name":"","url":"https:\/\/www.nacevi.cz\/author\/","identifier":1,"image":{"@type":"ImageObject","@id":"https:\/\/secure.gravatar.com\/avatar\/91b1fc57487c55a66a7777af0dd690bf69c571b4a9b15cda0db8854a78b7888c?s=96&d=mm&r=g","url":"https:\/\/secure.gravatar.com\/avatar\/91b1fc57487c55a66a7777af0dd690bf69c571b4a9b15cda0db8854a78b7888c?s=96&d=mm&r=g","height":96,"width":96}},"publisher":{"@type":"Organization","name":"nacevi.cz","logo":{"@type":"ImageObject","@id":"\/logo.png","url":"\/logo.png","width":600,"height":60}},"url":"https:\/\/www.nacevi.cz\/pr-neziskovych-organizaci\/","wordCount":164,"articleBody":"Nejsou to jen komer\u010dn\u00ed objekty, kter\u00e9 se v\u011bnuj\u00ed d\u016fsledn\u00e9mu PR. Jsou to i v\u011bt\u0161\u00ed neziskov\u00e9 organizace, kter\u00e9 vynakl\u00e1daj\u00ed velk\u00e9 \u00fasil\u00ed pro kontakt s ve\u0159ejnost\u00ed. Je d\u016fle\u017eit\u00e9, aby ve\u0159ejnost m\u011bla pov\u011bdom\u00ed o \u010dinnosti t\u00e9 \u010di on\u00e9 organizace a je rovn\u011b\u017e d\u016fle\u017eit\u00e9, aby lid\u00e9 nev\u00e1hali na \u010dinnost organizace p\u0159isp\u00edvat n\u011bjakou tou korunkou nebo t\u0159eba i vy\u0161\u0161\u00edm obnosem. P\u0159itom PR strategie z\u016fst\u00e1vaj\u00ed podobn\u00e9 jako v komer\u010dn\u00edm sektoru. Spolehn\u011bte se na bohat\u00fd v\u00fdb\u011br Ur\u010dit\u011b m\u00e1 mnoh\u00fd z V\u00e1s tri\u010dko s potiskem loga Adry nebo \u010clov\u011bka v t\u00edsni. M\u00e1te-li na starost propagaci organizace, po\u0159i\u010fte kvalitn\u00ed tri\u010dka v internetov\u00e9m obchod\u011b s reklamn\u00edm textilem. Spolehn\u011bte se na bohat\u00fd v\u00fdb\u011br v\u0161ech barev a velikost\u00ed. A zaji\u0161t\u011bno je i n\u00e1sledn\u00e9 zpracov\u00e1n\u00ed formou potisku nebo v\u00fd\u0161ivek.                                                                                                                                                                                                                                                                                                                                                                                                "},{"@context":"https:\/\/schema.org\/","@type":"BreadcrumbList","itemListElement":[{"@type":"ListItem","position":1,"name":"PR neziskov\u00fdch organizac\u00ed","item":"https:\/\/www.nacevi.cz\/pr-neziskovych-organizaci\/#breadcrumbitem"}]}]