[{"@context":"https:\/\/schema.org\/","@type":"Article","@id":"https:\/\/www.nacevi.cz\/nejnovejsi-modni-obleceni-pro-vas\/#Article","mainEntityOfPage":"https:\/\/www.nacevi.cz\/nejnovejsi-modni-obleceni-pro-vas\/","headline":"Nejnov\u011bj\u0161\u00ed m\u00f3dn\u00ed oble\u010den\u00ed pro V\u00e1s","name":"Nejnov\u011bj\u0161\u00ed m\u00f3dn\u00ed oble\u010den\u00ed pro V\u00e1s","description":"Je tomu u\u017e skute\u010dn\u011b dlouho, kdy jste si naposledy ud\u011blala n\u011bjak\u00fd v\u00fdlet a vy\u0161la si s kamar\u00e1dkami na n\u00e1kupy a n\u011bkam na k\u00e1vu? Pokud ne, m\u011bla byste to napravit. A p\u0159i takov\u00e9 d\u00e1msk\u00e9 j\u00edzd\u011b se u n\u00e1s m\u016f\u017eete stavit pro d\u00e1msk\u00e9 mikiny, ur\u010dit\u011b se V\u00e1m zal\u00edb\u00ed. Uvid\u00edte, \u017ee se V\u00e1m na\u0161e d\u00e1msk\u00e9 mikiny ur\u010dit\u011b zal\u00edb\u00ed. [&hellip;]","datePublished":"2025-04-25","dateModified":"2025-04-25","author":{"@type":"Person","@id":"https:\/\/www.nacevi.cz\/author\/#Person","name":"","url":"https:\/\/www.nacevi.cz\/author\/","identifier":1,"image":{"@type":"ImageObject","@id":"https:\/\/secure.gravatar.com\/avatar\/91b1fc57487c55a66a7777af0dd690bf69c571b4a9b15cda0db8854a78b7888c?s=96&d=mm&r=g","url":"https:\/\/secure.gravatar.com\/avatar\/91b1fc57487c55a66a7777af0dd690bf69c571b4a9b15cda0db8854a78b7888c?s=96&d=mm&r=g","height":96,"width":96}},"publisher":{"@type":"Organization","name":"nacevi.cz","logo":{"@type":"ImageObject","@id":"\/logo.png","url":"\/logo.png","width":600,"height":60}},"url":"https:\/\/www.nacevi.cz\/nejnovejsi-modni-obleceni-pro-vas\/","wordCount":186,"articleBody":"Je tomu u\u017e skute\u010dn\u011b dlouho, kdy jste si naposledy ud\u011blala n\u011bjak\u00fd v\u00fdlet a vy\u0161la si s kamar\u00e1dkami na n\u00e1kupy a n\u011bkam na k\u00e1vu? Pokud ne, m\u011bla byste to napravit. A p\u0159i takov\u00e9 d\u00e1msk\u00e9 j\u00edzd\u011b se u n\u00e1s m\u016f\u017eete stavit pro d\u00e1msk\u00e9 mikiny, ur\u010dit\u011b se V\u00e1m zal\u00edb\u00ed.Uvid\u00edte, \u017ee se V\u00e1m na\u0161e d\u00e1msk\u00e9 mikiny ur\u010dit\u011b zal\u00edb\u00ed. Nab\u00edz\u00edme toti\u017e tolik mo\u017en\u00fdch typ\u016f, druh\u016f i st\u0159ih\u016f, kter\u00e9 si m\u016f\u017eete vybrat v mnoha barv\u00e1ch a tak\u00e9 s des\u00edtkami motiv\u016f, kter\u00e9 v kataloz\u00edch m\u00e1me. Cht\u011bli bychom pro V\u00e1s to nejlep\u0161\u00ed, tak si dejte \u0159\u00edci!NovinkyNejnov\u011bj\u0161\u00ed m\u00f3dn\u00ed oble\u010den\u00ed nemus\u00edte vid\u011bt jen na modelk\u00e1ch, ale tak\u00e9 u n\u00e1s! A u n\u00e1s si jej m\u016f\u017eete koupit za dobr\u00e9, n\u00edzk\u00e9 ceny! Na\u0161e d\u00e1msk\u00e9 mikiny budou t\u00edm, co se bude l\u00edbit jak V\u00e1m, tak je budete moci darovat jako perfektn\u00ed modern\u00ed d\u00e1rek.                                                                                                                                                                                                                                                                                                                                                                                                "},{"@context":"https:\/\/schema.org\/","@type":"BreadcrumbList","itemListElement":[{"@type":"ListItem","position":1,"name":"Nejnov\u011bj\u0161\u00ed m\u00f3dn\u00ed oble\u010den\u00ed pro V\u00e1s","item":"https:\/\/www.nacevi.cz\/nejnovejsi-modni-obleceni-pro-vas\/#breadcrumbitem"}]}]