[{"@context":"https:\/\/schema.org\/","@type":"Article","@id":"https:\/\/www.nacevi.cz\/navrzeny-pro-pracovni-den\/#Article","mainEntityOfPage":"https:\/\/www.nacevi.cz\/navrzeny-pro-pracovni-den\/","headline":"Navr\u017eeny pro pracovn\u00ed den","name":"Navr\u017eeny pro pracovn\u00ed den","description":"Pracovn\u00ed den tr\u00e1v\u00edme z \u010d\u00e1sti v na\u0161\u00ed kancel\u00e1\u0159i, z \u010d\u00e1sti v aut\u011b a z \u010d\u00e1sti p\u0159i osobn\u00edch sch\u016fzk\u00e1ch s klienty a obchodn\u00edmi partnery. Do kancel\u00e1\u0159e pot\u0159ebujeme pohodln\u00e9 obut\u00ed, stejn\u011b jako na \u0159\u00edzen\u00ed auta. Pro sch\u016fzku s klientem u\u017e zase spole\u010densk\u00e1 konvence vy\u017eaduje, abychom obuly lodi\u010dky. Prvn\u00edm po\u017eadavkem pro na\u0161i kabelku je to, aby se do [&hellip;]","datePublished":"2017-12-25","dateModified":"2023-05-02","author":{"@type":"Person","@id":"https:\/\/www.nacevi.cz\/author\/#Person","name":"","url":"https:\/\/www.nacevi.cz\/author\/","identifier":1,"image":{"@type":"ImageObject","@id":"https:\/\/secure.gravatar.com\/avatar\/91b1fc57487c55a66a7777af0dd690bf69c571b4a9b15cda0db8854a78b7888c?s=96&d=mm&r=g","url":"https:\/\/secure.gravatar.com\/avatar\/91b1fc57487c55a66a7777af0dd690bf69c571b4a9b15cda0db8854a78b7888c?s=96&d=mm&r=g","height":96,"width":96}},"publisher":{"@type":"Organization","name":"nacevi.cz","logo":{"@type":"ImageObject","@id":"\/logo.png","url":"\/logo.png","width":600,"height":60}},"image":{"@type":"ImageObject","@id":"https:\/\/www.nacevi.cz\/wp-content\/uploads\/img_a316022_w2195_t1526979621.jpg","url":"https:\/\/www.nacevi.cz\/wp-content\/uploads\/img_a316022_w2195_t1526979621.jpg","height":0,"width":0},"url":"https:\/\/www.nacevi.cz\/navrzeny-pro-pracovni-den\/","about":["Elektro"],"wordCount":400,"articleBody":"   Pracovn\u00ed den tr\u00e1v\u00edme z \u010d\u00e1sti v na\u0161\u00ed kancel\u00e1\u0159i, z \u010d\u00e1sti v aut\u011b a z \u010d\u00e1sti p\u0159i osobn\u00edch sch\u016fzk\u00e1ch s klienty a obchodn\u00edmi partnery. Do kancel\u00e1\u0159e pot\u0159ebujeme pohodln\u00e9 obut\u00ed, stejn\u011b jako na \u0159\u00edzen\u00ed auta. Pro sch\u016fzku s klientem u\u017e zase spole\u010densk\u00e1 konvence vy\u017eaduje, abychom obuly lodi\u010dky. Prvn\u00edm po\u017eadavkem pro na\u0161i kabelku je to, aby se do n\u00ed ve\u0161la na\u0161e obuv. Nem\u016f\u017eeme se obej\u00edt ani bez bloku na pozn\u00e1mky, \u010dasto ani bez osobn\u00edho po\u010d\u00edta\u010de. Druh\u00fd po\u017eadavek na na\u0161i kabelku. Mus\u00ed pojmout notebook. Tak\u00e9 si nem\u016f\u017eeme dovolit p\u0159ij\u00edt na sch\u016fzky neupraven\u00e9 a nenal\u00ed\u010den\u00e9. T\u0159et\u00ed po\u017eadavek na kabelku. Mus\u00ed m\u00edt uvnit\u0159 p\u0159ihr\u00e1dky, kde pohodln\u011b najdeme na\u0161e l\u00ed\u010didla. P\u0159es pracovn\u00ed den m\u00e1me jen st\u011b\u017e\u00ed \u010das na to, zaj\u00edt si na ob\u011bd a proto se n\u00e1m do kabelky mus\u00ed vej\u00edt i n\u00e1poj a n\u011bjak\u00e9 men\u0161\u00ed ob\u010derstven\u00ed. A tak bychom mohli pokra\u010dovat. N\u011bkolik svazk\u016f kl\u00ed\u010d\u016f, telefon, de\u0161tn\u00edk, slune\u010dn\u00ed br\u00fdle, dioptrick\u00e9 br\u00fdle, doklady a mnoho a mnoho dal\u0161\u00edho. Ano, to v\u0161e mus\u00edme m\u00edt u sebe. Ur\u010dit\u011b se v pracovn\u00edm dni nem\u016f\u017eeme spokojit jen s d\u00e1msk\u00fdm psan\u00ed\u010dkem. Je t\u0159eba vybrat praktickou , kter\u00e1 je dostate\u010dn\u011b objemn\u00e1, aby splnila v\u0161echny na\u0161e po\u017eadavky a pojmula v\u0161e, co pova\u017eujeme za nezbytn\u00e9. A v po\u017eadavc\u00edch jdeme je\u0161t\u011b d\u00e1le. Mus\u00ed vypadat elegantn\u011b a v\u017edy ladit s m\u00f3dn\u00edm trendem. D\u00e1le se n\u00e1m mus\u00ed snadno udr\u017eovat v \u010distot\u011b a krom\u011b velk\u00e9ho objemu mus\u00ed m\u00edt tak\u00e9 dostate\u010dnou nosnost. U n\u00e1s va\u0161e po\u017eadavky snadno spln\u00edme. V\u00edme, po \u010dem tou\u017e\u00edte, a podle toho vyb\u00edr\u00e1me produkty do na\u0161\u00ed nab\u00eddky. Db\u00e1me o to, abychom sortiment dopl\u0148ovali podle aktu\u00e1ln\u00edch m\u00f3dn\u00edch trend\u016f a naleznete i modely od zn\u00e1m\u00fdch zna\u010dek. A tu nejlep\u0161\u00ed zpr\u00e1vu jsme si nechali na konec. V\u0161echny kabelky jsou u n\u00e1s prodeji za zv\u00fdhodn\u011bn\u00e9 ceny! P\u0159esv\u011bd\u010dte se co nejd\u0159\u00edve a vyberte si nov\u00e9 \u010dleny va\u0161eho \u0161atn\u00edku.                                                                                                                                                                                                                                                                                                                                                                                          3.3\/5 - (3 votes)        "},{"@context":"https:\/\/schema.org\/","@type":"BreadcrumbList","itemListElement":[{"@type":"ListItem","position":1,"name":"Navr\u017eeny pro pracovn\u00ed den","item":"https:\/\/www.nacevi.cz\/navrzeny-pro-pracovni-den\/#breadcrumbitem"}]}]