[{"@context":"https:\/\/schema.org\/","@type":"Article","@id":"https:\/\/www.nacevi.cz\/milion-marca-pola\/#Article","mainEntityOfPage":"https:\/\/www.nacevi.cz\/milion-marca-pola\/","headline":"Milion Marca Pola","name":"Milion Marca Pola","description":"N\u011bkte\u0159\u00ed spisovatel\u00e9 jsou inspirov\u00e1ni pouze vlastn\u00ed fantazi\u00ed a p\u0159edstavivost\u00ed. N\u011bkte\u0159\u00ed se nechali oslovit n\u011bjak\u00fdm zaj\u00edmav\u00fdm t\u00e9matem a pak na jeho z\u00e1klad\u011b nap\u00ed\u0161\u00ed p\u0159\u00edb\u011bh. A n\u011bkte\u0159\u00ed cht\u011bj\u00ed popsat p\u0159esn\u011b to, co se ve skute\u010dnosti stalo. N\u011bkdy jsou ale pr\u00e1v\u011b ty skute\u010dn\u00e9 p\u0159\u00edb\u011bhy natolik neuv\u011b\u0159iteln\u00e9, \u017ee spisovatel nakonec naraz\u00ed na nepochopen\u00ed. K takov\u00fdm zoufalc\u016fm pat\u0159il i slavn\u00fd [&hellip;]","datePublished":"2025-03-03","dateModified":"2023-05-02","author":{"@type":"Person","@id":"https:\/\/www.nacevi.cz\/author\/#Person","name":"","url":"https:\/\/www.nacevi.cz\/author\/","identifier":1,"image":{"@type":"ImageObject","@id":"https:\/\/secure.gravatar.com\/avatar\/91b1fc57487c55a66a7777af0dd690bf69c571b4a9b15cda0db8854a78b7888c?s=96&d=mm&r=g","url":"https:\/\/secure.gravatar.com\/avatar\/91b1fc57487c55a66a7777af0dd690bf69c571b4a9b15cda0db8854a78b7888c?s=96&d=mm&r=g","height":96,"width":96}},"publisher":{"@type":"Organization","name":"nacevi.cz","logo":{"@type":"ImageObject","@id":"\/logo.png","url":"\/logo.png","width":600,"height":60}},"image":{"@type":"ImageObject","@id":"https:\/\/www.nacevi.cz\/wp-content\/uploads\/img_a299785_w2351_t1509720890.jpg","url":"https:\/\/www.nacevi.cz\/wp-content\/uploads\/img_a299785_w2351_t1509720890.jpg","height":0,"width":0},"url":"https:\/\/www.nacevi.cz\/milion-marca-pola\/","wordCount":409,"articleBody":"N\u011bkte\u0159\u00ed spisovatel\u00e9 jsou inspirov\u00e1ni pouze vlastn\u00ed fantazi\u00ed a p\u0159edstavivost\u00ed. N\u011bkte\u0159\u00ed se nechali oslovit n\u011bjak\u00fdm zaj\u00edmav\u00fdm t\u00e9matem a pak na jeho z\u00e1klad\u011b nap\u00ed\u0161\u00ed p\u0159\u00edb\u011bh. A n\u011bkte\u0159\u00ed cht\u011bj\u00ed popsat p\u0159esn\u011b to, co se ve skute\u010dnosti stalo. N\u011bkdy jsou ale pr\u00e1v\u011b ty skute\u010dn\u00e9 p\u0159\u00edb\u011bhy natolik neuv\u011b\u0159iteln\u00e9, \u017ee spisovatel nakonec naraz\u00ed na nepochopen\u00ed. K takov\u00fdm zoufalc\u016fm pat\u0159il i slavn\u00fd cestovatel Marco Polo.\u00b7\u00a0\u00a0\u00a0\u00a0\u00a0\u00a0\u00a0 Kdy\u017e se po sedmn\u00e1cti letech kone\u010dn\u011b vr\u00e1til do rodn\u00fdch Ben\u00e1tek, rozhodl se, \u017ee sv\u00e9 bohat\u00e9 z\u00e1\u017eitky z D\u00e1ln\u00e9ho v\u00fdchodu sep\u00ed\u0161e.&#8211;\u00a0\u00a0\u00a0\u00a0\u00a0\u00a0\u00a0\u00a0 \u010cas na to evidentn\u011b m\u011bl.&#8211;\u00a0\u00a0\u00a0\u00a0\u00a0\u00a0\u00a0\u00a0 Hned po n\u00e1vratu z \u010c\u00edny se toti\u017e p\u0159ipletl do n\u00e1mo\u0159n\u00ed bitvy mezi Ben\u00e1t\u010dany a Janovem.&#8211;\u00a0\u00a0\u00a0\u00a0\u00a0\u00a0\u00a0\u00a0 Marco Polo skon\u010dil ve v\u011bzen\u00ed, kde str\u00e1vil dva roky.&#8211;\u00a0\u00a0\u00a0\u00a0\u00a0\u00a0\u00a0\u00a0 Tuto dobu tr\u00e1vil spole\u010dn\u011b se spoluv\u011bzn\u011bm Rusticcelem, kter\u00fd vzpom\u00ednky na jeho cesty sepisoval.\u00b7\u00a0\u00a0\u00a0\u00a0\u00a0\u00a0\u00a0\u00a0 Tyto vzpom\u00ednky pak vy\u0161ly v knize, kterou nazval Milion.Kniha Milion, ve kter\u00e9 Marco Polo popsal z\u00e1\u017eitky ze sv\u00fdch cest, se stala jednou z nepopul\u00e1rn\u011bj\u0161\u00edch knih st\u0159edov\u011bku. P\u0159ekl\u00e1dala se do mnoha jazyk\u016f.\tKde je pravda?Postupem \u010dasu se ale nad\u0161en\u00ed za\u010dalo trochu vytr\u00e1cet, a naopak se objevovaly pochybova\u010dn\u00e9 hlasy.\u00a7\u00a0 Co kdy\u017e si Marco Polo v\u0161echno vymyslel?\u00a7\u00a0 Co kdy\u017e si sv\u00e9 historky p\u0159ivezl z n\u011bjak\u00e9ho tr\u017ei\u0161t\u011b ve st\u0159edn\u00ed Asii?N\u011bkter\u00e9 z\u00e1\u017eitky mu nev\u011b\u0159ili jeho sou\u010dasn\u00edci a n\u011bkter\u00e9 za\u010dali zpochyb\u0148ovat lid\u00e9 na\u0161\u00ed doby. Tehdy se nap\u0159\u00edklad zd\u00e1la p\u0159edstava pap\u00edrov\u00fdch pen\u011bz velice p\u0159ita\u017eenou na vlasy.V sou\u010dasnosti argumentuj\u00ed pochybova\u010di t\u00edm, \u017ee se Marco nezmi\u0148uje o tak d\u016fle\u017eit\u00fdch v\u011bcech, jako je nap\u0159\u00edklad Velk\u00e1 \u010d\u00ednsk\u00e1 ze\u010f, jej\u00ed\u017e stavba byla v dob\u011b pobytu Marca Pola v \u010c\u00edn\u011b u\u017e d\u00e1vno zapo\u010data. Dal\u0161\u00ed z v\u011bc\u00ed, o kter\u00e9 se nezmi\u0148uje, je ritu\u00e1l pit\u00ed \u010daje. Jeho obh\u00e1jci naopak argumentuj\u00ed t\u00edm, \u017ee tento cestopis byl zam\u00fd\u0161len jako popis zdej\u0161\u00ed krajiny, zv\u00ed\u0159at a rostlin. M\u011bl to b\u00fdt sp\u00ed\u0161e manu\u00e1l pro dal\u0161\u00ed cestovatele. Proto mu n\u011bkter\u00e9 ud\u00e1losti nep\u0159ipadaly tak d\u016fle\u017eit\u00e9, aby je v knize uvedl.                                                                                                                                                                                                                                                                                                                                                                                        4.3\/5 - (9 votes)        "},{"@context":"https:\/\/schema.org\/","@type":"BreadcrumbList","itemListElement":[{"@type":"ListItem","position":1,"name":"Milion Marca Pola","item":"https:\/\/www.nacevi.cz\/milion-marca-pola\/#breadcrumbitem"}]}]