[{"@context":"https:\/\/schema.org\/","@type":"Article","@id":"https:\/\/www.nacevi.cz\/jake-mame-druhy\/#Article","mainEntityOfPage":"https:\/\/www.nacevi.cz\/jake-mame-druhy\/","headline":"Jak\u00e9 m\u00e1me druhy","name":"Jak\u00e9 m\u00e1me druhy","description":"Pt\u00e1te se, zda existuj\u00ed v\u016fbec n\u011bjak\u00e9 druhy zrovna tohoto oble\u010den\u00ed? Samoz\u0159ejm\u011b, \u017ee ano. Nen\u00ed na tom nic neobvykl\u00e9ho. My si je nyn\u00ed postupn\u011b vyjmenujeme, a n\u00e1sledn\u011b v dal\u0161\u00edch \u010dl\u00e1nc\u00edch podrobn\u011bji vysv\u011btl\u00edme. Jednotliv\u00e9 rozd\u011blen\u00ed Jako prvn\u00ed \u010dlen\u011bn\u00ed bychom za\u0159adily dle materi\u00e1lu. Mezi n\u011b m\u016f\u017eeme za\u0159adit d\u00e1msk\u00e9 bundy \u0161us\u0165\u00e1kov\u00e9, nepromokav\u00e9 (odoln\u00e9 proti v\u011btru, vlhkosti, sn\u011b\u017een\u00ed), ko\u017eenkov\u00e9, nepromokav\u00e9 [&hellip;]","datePublished":"2024-12-29","dateModified":"2024-12-29","author":{"@type":"Person","@id":"https:\/\/www.nacevi.cz\/author\/#Person","name":"","url":"https:\/\/www.nacevi.cz\/author\/","identifier":1,"image":{"@type":"ImageObject","@id":"https:\/\/secure.gravatar.com\/avatar\/91b1fc57487c55a66a7777af0dd690bf69c571b4a9b15cda0db8854a78b7888c?s=96&d=mm&r=g","url":"https:\/\/secure.gravatar.com\/avatar\/91b1fc57487c55a66a7777af0dd690bf69c571b4a9b15cda0db8854a78b7888c?s=96&d=mm&r=g","height":96,"width":96}},"publisher":{"@type":"Organization","name":"nacevi.cz","logo":{"@type":"ImageObject","@id":"\/logo.png","url":"\/logo.png","width":600,"height":60}},"url":"https:\/\/www.nacevi.cz\/jake-mame-druhy\/","wordCount":184,"articleBody":" Pt\u00e1te se, zda existuj\u00ed v\u016fbec n\u011bjak\u00e9 druhy zrovna tohoto oble\u010den\u00ed? Samoz\u0159ejm\u011b, \u017ee ano. Nen\u00ed na tom nic neobvykl\u00e9ho. My si je nyn\u00ed postupn\u011b vyjmenujeme, a n\u00e1sledn\u011b v dal\u0161\u00edch \u010dl\u00e1nc\u00edch podrobn\u011bji vysv\u011btl\u00edme. Jednotliv\u00e9 rozd\u011blen\u00ed Jako prvn\u00ed \u010dlen\u011bn\u00ed bychom za\u0159adily dle materi\u00e1lu. Mezi n\u011b m\u016f\u017eeme za\u0159adit d\u00e1msk\u00e9 bundy \u0161us\u0165\u00e1kov\u00e9, nepromokav\u00e9 (odoln\u00e9 proti v\u011btru, vlhkosti, sn\u011b\u017een\u00ed), ko\u017eenkov\u00e9, nepromokav\u00e9 a dal\u0161\u00ed. Jako druh\u00e9 si uvedeme \u010dlen\u011bn\u00ed dle ro\u010dn\u00edch obdob\u00ed. V ka\u017ed\u00e9m obdob\u00ed se v\u00fdrazn\u011b li\u0161\u00ed i na\u0161e oble\u010den\u00ed. Jindy se obl\u00e9k\u00e1me na lehko, a jindy si na sebe mus\u00edme vz\u00edt pom\u011brn\u011b v\u00edce vrstev. Je to b\u011b\u017en\u00fd kolob\u011bh, a ka\u017ed\u00fd si na n\u011bj ji\u017e zvykl. I kdy\u017e se n\u011bkomu nemus\u00ed zrovna dan\u00e9 obdob\u00ed l\u00edbit, nic s t\u00edm nenad\u011bl\u00e1me. A jak to tedy s t\u011bmito dv\u011bma z\u00e1kladn\u00edmi \u010dlen\u011bn\u00edmi je? To se n\u00e1sledn\u011b dozv\u00edme.                                                                                                                                                                                                                                                                                                                                                                                         5\/5 - (2 votes)        "},{"@context":"https:\/\/schema.org\/","@type":"BreadcrumbList","itemListElement":[{"@type":"ListItem","position":1,"name":"Jak\u00e9 m\u00e1me druhy","item":"https:\/\/www.nacevi.cz\/jake-mame-druhy\/#breadcrumbitem"}]}]