{"@context":"https:\/\/schema.org\/","@type":"CollectionPage","@id":"https:\/\/www.nacevi.cz\/business\/#CollectionPage","headline":"Business Category","description":"","url":"https:\/\/www.nacevi.cz\/business\/","hasPart":[{"@type":"Article","@id":"https:\/\/www.nacevi.cz\/foceni-v-historickem-centru-olomouce-romantika-a-kouzlo-starobyleho-mesta\/","headline":"Focen\u00ed v historick\u00e9m centru Olomouce: Romantika a kouzlo starobyl\u00e9ho m\u011bsta","url":"https:\/\/www.nacevi.cz\/foceni-v-historickem-centru-olomouce-romantika-a-kouzlo-starobyleho-mesta\/","datePublished":"2024-11-03","dateModified":"2024-11-03","mainEntityOfPage":"https:\/\/www.nacevi.cz\/foceni-v-historickem-centru-olomouce-romantika-a-kouzlo-starobyleho-mesta\/","author":{"@type":"Person","@id":"https:\/\/www.nacevi.cz\/author\/#Person","name":"","url":"https:\/\/www.nacevi.cz\/author\/","identifier":1,"image":{"@type":"ImageObject","@id":"https:\/\/secure.gravatar.com\/avatar\/91b1fc57487c55a66a7777af0dd690bf69c571b4a9b15cda0db8854a78b7888c?s=96&d=mm&r=g","url":"https:\/\/secure.gravatar.com\/avatar\/91b1fc57487c55a66a7777af0dd690bf69c571b4a9b15cda0db8854a78b7888c?s=96&d=mm&r=g","height":96,"width":96}},"publisher":{"@type":"Organization","name":"nacevi.cz","logo":{"@type":"ImageObject","@id":"\/logo.png","url":"\/logo.png","width":600,"height":60}},"image":{"@type":"ImageObject","@id":"https:\/\/www.nacevi.cz\/wp-content\/uploads\/foceni_v_Olomouci_aAMwcS.jpg","url":"https:\/\/www.nacevi.cz\/wp-content\/uploads\/foceni_v_Olomouci_aAMwcS.jpg","height":0,"width":0},"keywords":null},{"@type":"Article","@id":"https:\/\/www.nacevi.cz\/zabava-na-oslave\/","headline":"Z\u00e1bava na oslav\u011b","url":"https:\/\/www.nacevi.cz\/zabava-na-oslave\/","datePublished":"2024-10-19","dateModified":"2024-10-19","mainEntityOfPage":"https:\/\/www.nacevi.cz\/zabava-na-oslave\/","author":{"@type":"Person","@id":"https:\/\/www.nacevi.cz\/author\/#Person","name":"","url":"https:\/\/www.nacevi.cz\/author\/","identifier":1,"image":{"@type":"ImageObject","@id":"https:\/\/secure.gravatar.com\/avatar\/91b1fc57487c55a66a7777af0dd690bf69c571b4a9b15cda0db8854a78b7888c?s=96&d=mm&r=g","url":"https:\/\/secure.gravatar.com\/avatar\/91b1fc57487c55a66a7777af0dd690bf69c571b4a9b15cda0db8854a78b7888c?s=96&d=mm&r=g","height":96,"width":96}},"publisher":{"@type":"Organization","name":"nacevi.cz","logo":{"@type":"ImageObject","@id":"\/logo.png","url":"\/logo.png","width":600,"height":60}},"image":{"@type":"ImageObject","@id":"https:\/\/www.nacevi.cz\/wp-content\/uploads\/man-7211606_1280.jpg","url":"https:\/\/www.nacevi.cz\/wp-content\/uploads\/man-7211606_1280.jpg","height":0,"width":0},"keywords":null},{"@type":"Article","@id":"https:\/\/www.nacevi.cz\/nekdo-vi-vic-nez-my-lide\/","headline":"N\u011bkdo v\u00ed v\u00edc ne\u017e my lid\u00e9","url":"https:\/\/www.nacevi.cz\/nekdo-vi-vic-nez-my-lide\/","datePublished":"2024-07-26","dateModified":"2024-07-26","mainEntityOfPage":"https:\/\/www.nacevi.cz\/nekdo-vi-vic-nez-my-lide\/","author":{"@type":"Person","@id":"https:\/\/www.nacevi.cz\/author\/#Person","name":"","url":"https:\/\/www.nacevi.cz\/author\/","identifier":1,"image":{"@type":"ImageObject","@id":"https:\/\/secure.gravatar.com\/avatar\/91b1fc57487c55a66a7777af0dd690bf69c571b4a9b15cda0db8854a78b7888c?s=96&d=mm&r=g","url":"https:\/\/secure.gravatar.com\/avatar\/91b1fc57487c55a66a7777af0dd690bf69c571b4a9b15cda0db8854a78b7888c?s=96&d=mm&r=g","height":96,"width":96}},"publisher":{"@type":"Organization","name":"nacevi.cz","logo":{"@type":"ImageObject","@id":"\/logo.png","url":"\/logo.png","width":600,"height":60}},"image":{"@type":"ImageObject","@id":"https:\/\/www.nacevi.cz\/wp-content\/uploads\/ui.jpg","url":"https:\/\/www.nacevi.cz\/wp-content\/uploads\/ui.jpg","height":0,"width":0},"keywords":null},{"@type":"Article","@id":"https:\/\/www.nacevi.cz\/ciste-prostory\/","headline":"\u010cist\u00e9 prostory","url":"https:\/\/www.nacevi.cz\/ciste-prostory\/","datePublished":"2024-04-03","dateModified":"2024-04-30","mainEntityOfPage":"https:\/\/www.nacevi.cz\/ciste-prostory\/","author":{"@type":"Person","@id":"https:\/\/www.nacevi.cz\/author\/#Person","name":"","url":"https:\/\/www.nacevi.cz\/author\/","identifier":1,"image":{"@type":"ImageObject","@id":"https:\/\/secure.gravatar.com\/avatar\/91b1fc57487c55a66a7777af0dd690bf69c571b4a9b15cda0db8854a78b7888c?s=96&d=mm&r=g","url":"https:\/\/secure.gravatar.com\/avatar\/91b1fc57487c55a66a7777af0dd690bf69c571b4a9b15cda0db8854a78b7888c?s=96&d=mm&r=g","height":96,"width":96}},"publisher":{"@type":"Organization","name":"nacevi.cz","logo":{"@type":"ImageObject","@id":"\/logo.png","url":"\/logo.png","width":600,"height":60}},"image":{"@type":"ImageObject","@id":"https:\/\/www.nacevi.cz\/wp-content\/uploads\/iso_14644-1_n1SfLc.png","url":"https:\/\/www.nacevi.cz\/wp-content\/uploads\/iso_14644-1_n1SfLc.png","height":0,"width":0},"keywords":null},{"@type":"Article","@id":"https:\/\/www.nacevi.cz\/3d-tisk-ve-stavebnictvi\/","headline":"3D tisk ve stavebnictv\u00ed","url":"https:\/\/www.nacevi.cz\/3d-tisk-ve-stavebnictvi\/","datePublished":"2024-01-10","dateModified":"2024-01-30","mainEntityOfPage":"https:\/\/www.nacevi.cz\/3d-tisk-ve-stavebnictvi\/","author":{"@type":"Person","@id":"https:\/\/www.nacevi.cz\/author\/#Person","name":"","url":"https:\/\/www.nacevi.cz\/author\/","identifier":1,"image":{"@type":"ImageObject","@id":"https:\/\/secure.gravatar.com\/avatar\/91b1fc57487c55a66a7777af0dd690bf69c571b4a9b15cda0db8854a78b7888c?s=96&d=mm&r=g","url":"https:\/\/secure.gravatar.com\/avatar\/91b1fc57487c55a66a7777af0dd690bf69c571b4a9b15cda0db8854a78b7888c?s=96&d=mm&r=g","height":96,"width":96}},"publisher":{"@type":"Organization","name":"nacevi.cz","logo":{"@type":"ImageObject","@id":"\/logo.png","url":"\/logo.png","width":600,"height":60}},"image":{"@type":"ImageObject","@id":"https:\/\/www.nacevi.cz\/wp-content\/uploads\/3d_tisk_y8rpli.jpeg","url":"https:\/\/www.nacevi.cz\/wp-content\/uploads\/3d_tisk_y8rpli.jpeg","height":0,"width":0},"keywords":null},{"@type":"Article","@id":"https:\/\/www.nacevi.cz\/rozdil-mezi-zamestnaneckou-a-modrou-kartou\/","headline":"Rozd\u00edl mezi zam\u011bstnaneckou a modrou kartou","url":"https:\/\/www.nacevi.cz\/rozdil-mezi-zamestnaneckou-a-modrou-kartou\/","datePublished":"2023-12-23","dateModified":"2023-12-20","mainEntityOfPage":"https:\/\/www.nacevi.cz\/rozdil-mezi-zamestnaneckou-a-modrou-kartou\/","author":{"@type":"Person","@id":"https:\/\/www.nacevi.cz\/author\/#Person","name":"","url":"https:\/\/www.nacevi.cz\/author\/","identifier":1,"image":{"@type":"ImageObject","@id":"https:\/\/secure.gravatar.com\/avatar\/91b1fc57487c55a66a7777af0dd690bf69c571b4a9b15cda0db8854a78b7888c?s=96&d=mm&r=g","url":"https:\/\/secure.gravatar.com\/avatar\/91b1fc57487c55a66a7777af0dd690bf69c571b4a9b15cda0db8854a78b7888c?s=96&d=mm&r=g","height":96,"width":96}},"publisher":{"@type":"Organization","name":"nacevi.cz","logo":{"@type":"ImageObject","@id":"\/logo.png","url":"\/logo.png","width":600,"height":60}},"image":{"@type":"ImageObject","@id":"https:\/\/www.nacevi.cz\/wp-content\/uploads\/karta_FwVCxS.jpg","url":"https:\/\/www.nacevi.cz\/wp-content\/uploads\/karta_FwVCxS.jpg","height":0,"width":0},"keywords":null},{"@type":"Article","@id":"https:\/\/www.nacevi.cz\/jak-si-usnadnit-stehovani\/","headline":"Jak si usnadnit st\u011bhov\u00e1n\u00ed","url":"https:\/\/www.nacevi.cz\/jak-si-usnadnit-stehovani\/","datePublished":"2023-08-25","dateModified":"2023-08-25","mainEntityOfPage":"https:\/\/www.nacevi.cz\/jak-si-usnadnit-stehovani\/","author":{"@type":"Person","@id":"https:\/\/www.nacevi.cz\/author\/#Person","name":"","url":"https:\/\/www.nacevi.cz\/author\/","identifier":1,"image":{"@type":"ImageObject","@id":"https:\/\/secure.gravatar.com\/avatar\/91b1fc57487c55a66a7777af0dd690bf69c571b4a9b15cda0db8854a78b7888c?s=96&d=mm&r=g","url":"https:\/\/secure.gravatar.com\/avatar\/91b1fc57487c55a66a7777af0dd690bf69c571b4a9b15cda0db8854a78b7888c?s=96&d=mm&r=g","height":96,"width":96}},"publisher":{"@type":"Organization","name":"nacevi.cz","logo":{"@type":"ImageObject","@id":"\/logo.png","url":"\/logo.png","width":600,"height":60}},"image":{"@type":"ImageObject","@id":"https:\/\/www.nacevi.cz\/wp-content\/uploads\/box-2098116_640_1.jpg","url":"https:\/\/www.nacevi.cz\/wp-content\/uploads\/box-2098116_640_1.jpg","height":0,"width":0},"keywords":null},{"@type":"Article","@id":"https:\/\/www.nacevi.cz\/vyjimecny-trenink-pro-rozvoj-a-uspech-v-osobnim-i-pracovnim-zivote\/","headline":"V\u00fdjime\u010dn\u00fd tr\u00e9nink pro rozvoj a \u00fasp\u011bch v osobn\u00edm i pracovn\u00edm \u017eivot\u011b","url":"https:\/\/www.nacevi.cz\/vyjimecny-trenink-pro-rozvoj-a-uspech-v-osobnim-i-pracovnim-zivote\/","datePublished":"2023-08-14","dateModified":"2023-08-17","mainEntityOfPage":"https:\/\/www.nacevi.cz\/vyjimecny-trenink-pro-rozvoj-a-uspech-v-osobnim-i-pracovnim-zivote\/","author":{"@type":"Person","@id":"https:\/\/www.nacevi.cz\/author\/#Person","name":"","url":"https:\/\/www.nacevi.cz\/author\/","identifier":1,"image":{"@type":"ImageObject","@id":"https:\/\/secure.gravatar.com\/avatar\/91b1fc57487c55a66a7777af0dd690bf69c571b4a9b15cda0db8854a78b7888c?s=96&d=mm&r=g","url":"https:\/\/secure.gravatar.com\/avatar\/91b1fc57487c55a66a7777af0dd690bf69c571b4a9b15cda0db8854a78b7888c?s=96&d=mm&r=g","height":96,"width":96}},"publisher":{"@type":"Organization","name":"nacevi.cz","logo":{"@type":"ImageObject","@id":"\/logo.png","url":"\/logo.png","width":600,"height":60}},"image":{"@type":"ImageObject","@id":"https:\/\/www.nacevi.cz\/wp-content\/uploads\/nlp_kurzy_MzjQBi.jpg","url":"https:\/\/www.nacevi.cz\/wp-content\/uploads\/nlp_kurzy_MzjQBi.jpg","height":0,"width":0},"keywords":null},{"@type":"Article","@id":"https:\/\/www.nacevi.cz\/shanite-firemni-sidlo\/","headline":"Sh\u00e1n\u00edte firemn\u00ed s\u00eddlo?","url":"https:\/\/www.nacevi.cz\/shanite-firemni-sidlo\/","datePublished":"2023-03-19","dateModified":"2023-05-02","mainEntityOfPage":"https:\/\/www.nacevi.cz\/shanite-firemni-sidlo\/","author":{"@type":"Person","@id":"https:\/\/www.nacevi.cz\/author\/#Person","name":"","url":"https:\/\/www.nacevi.cz\/author\/","identifier":1,"image":{"@type":"ImageObject","@id":"https:\/\/secure.gravatar.com\/avatar\/91b1fc57487c55a66a7777af0dd690bf69c571b4a9b15cda0db8854a78b7888c?s=96&d=mm&r=g","url":"https:\/\/secure.gravatar.com\/avatar\/91b1fc57487c55a66a7777af0dd690bf69c571b4a9b15cda0db8854a78b7888c?s=96&d=mm&r=g","height":96,"width":96}},"publisher":{"@type":"Organization","name":"nacevi.cz","logo":{"@type":"ImageObject","@id":"\/logo.png","url":"\/logo.png","width":600,"height":60}},"image":{"@type":"ImageObject","@id":"https:\/\/www.nacevi.cz\/wp-content\/uploads\/f_4.jpg","url":"https:\/\/www.nacevi.cz\/wp-content\/uploads\/f_4.jpg","height":0,"width":0},"keywords":null},{"@type":"Article","@id":"https:\/\/www.nacevi.cz\/jak-propagovat-vyrobu-drevenych-hracek\/","headline":"Jak propagovat v\u00fdrobu d\u0159ev\u011bn\u00fdch hra\u010dek","url":"https:\/\/www.nacevi.cz\/jak-propagovat-vyrobu-drevenych-hracek\/","datePublished":"2023-02-28","dateModified":"2023-05-02","mainEntityOfPage":"https:\/\/www.nacevi.cz\/jak-propagovat-vyrobu-drevenych-hracek\/","author":{"@type":"Person","@id":"https:\/\/www.nacevi.cz\/author\/#Person","name":"","url":"https:\/\/www.nacevi.cz\/author\/","identifier":1,"image":{"@type":"ImageObject","@id":"https:\/\/secure.gravatar.com\/avatar\/91b1fc57487c55a66a7777af0dd690bf69c571b4a9b15cda0db8854a78b7888c?s=96&d=mm&r=g","url":"https:\/\/secure.gravatar.com\/avatar\/91b1fc57487c55a66a7777af0dd690bf69c571b4a9b15cda0db8854a78b7888c?s=96&d=mm&r=g","height":96,"width":96}},"publisher":{"@type":"Organization","name":"nacevi.cz","logo":{"@type":"ImageObject","@id":"\/logo.png","url":"\/logo.png","width":600,"height":60}},"image":{"@type":"ImageObject","@id":"https:\/\/www.nacevi.cz\/wp-content\/uploads\/toy-g6e9f395d6_640.jpg","url":"https:\/\/www.nacevi.cz\/wp-content\/uploads\/toy-g6e9f395d6_640.jpg","height":0,"width":0},"keywords":null}]}