[{"@context":"https:\/\/schema.org\/","@type":"Blog","@id":"https:\/\/www.nacevi.cz#Blog","headline":"Nacevi","description":"\nZd\u00e1 se v\u00e1m, \u017ee v\u00e1s opustilo \u0161t\u011bst\u00ed? Nev\u011b\u0159te, neopustilo v\u00e1s. Kdyby v\u00e1s toti\u017e opustilo, nena\u0161li byste nikdy cestu pr\u00e1v\u011b na na\u0161i internetovou str\u00e1nku.","url":"https:\/\/www.nacevi.cz","hasPart":[{"@type":"Article","@id":"https:\/\/www.nacevi.cz\/babske-rady\/","headline":"Babsk\u00e9 rady","url":"https:\/\/www.nacevi.cz\/babske-rady\/","datePublished":"2026-02-08","dateModified":"2026-02-08","mainEntityOfPage":"https:\/\/www.nacevi.cz\/babske-rady\/","author":{"@type":"Person","@id":"https:\/\/www.nacevi.cz\/author\/#Person","name":"","url":"https:\/\/www.nacevi.cz\/author\/","identifier":1,"image":{"@type":"ImageObject","@id":"https:\/\/secure.gravatar.com\/avatar\/91b1fc57487c55a66a7777af0dd690bf69c571b4a9b15cda0db8854a78b7888c?s=96&d=mm&r=g","url":"https:\/\/secure.gravatar.com\/avatar\/91b1fc57487c55a66a7777af0dd690bf69c571b4a9b15cda0db8854a78b7888c?s=96&d=mm&r=g","height":96,"width":96}},"publisher":{"@type":"Organization","name":"nacevi.cz","logo":{"@type":"ImageObject","@id":"\/logo.png","url":"\/logo.png","width":600,"height":60}},"image":null,"wordCount":501,"keywords":null},{"@type":"Article","@id":"https:\/\/www.nacevi.cz\/noc-tajemna-a-ticha\/","headline":"Noc tajemn\u00e1 a tich\u00e1","url":"https:\/\/www.nacevi.cz\/noc-tajemna-a-ticha\/","datePublished":"2026-01-18","dateModified":"2026-01-18","mainEntityOfPage":"https:\/\/www.nacevi.cz\/noc-tajemna-a-ticha\/","author":{"@type":"Person","@id":"https:\/\/www.nacevi.cz\/author\/#Person","name":"","url":"https:\/\/www.nacevi.cz\/author\/","identifier":1,"image":{"@type":"ImageObject","@id":"https:\/\/secure.gravatar.com\/avatar\/91b1fc57487c55a66a7777af0dd690bf69c571b4a9b15cda0db8854a78b7888c?s=96&d=mm&r=g","url":"https:\/\/secure.gravatar.com\/avatar\/91b1fc57487c55a66a7777af0dd690bf69c571b4a9b15cda0db8854a78b7888c?s=96&d=mm&r=g","height":96,"width":96}},"publisher":{"@type":"Organization","name":"nacevi.cz","logo":{"@type":"ImageObject","@id":"\/logo.png","url":"\/logo.png","width":600,"height":60}},"image":{"@type":"ImageObject","@id":"https:\/\/www.nacevi.cz\/wp-content\/uploads\/pexels-sebastian-1548774_1.jpg","url":"https:\/\/www.nacevi.cz\/wp-content\/uploads\/pexels-sebastian-1548774_1.jpg","height":0,"width":0},"wordCount":621,"keywords":null},{"@type":"Article","@id":"https:\/\/www.nacevi.cz\/pujcka-na-mesic-nabizi-jasny-scenar-vsem-svym-zadatelum\/","headline":"P\u016fj\u010dka na m\u011bs\u00edc nab\u00edz\u00ed jasn\u00fd sc\u00e9n\u00e1\u0159 v\u0161em sv\u00fdm \u017eadatel\u016fm","url":"https:\/\/www.nacevi.cz\/pujcka-na-mesic-nabizi-jasny-scenar-vsem-svym-zadatelum\/","datePublished":"2025-09-26","dateModified":"2025-09-26","mainEntityOfPage":"https:\/\/www.nacevi.cz\/pujcka-na-mesic-nabizi-jasny-scenar-vsem-svym-zadatelum\/","author":{"@type":"Person","@id":"https:\/\/www.nacevi.cz\/author\/#Person","name":"","url":"https:\/\/www.nacevi.cz\/author\/","identifier":1,"image":{"@type":"ImageObject","@id":"https:\/\/secure.gravatar.com\/avatar\/91b1fc57487c55a66a7777af0dd690bf69c571b4a9b15cda0db8854a78b7888c?s=96&d=mm&r=g","url":"https:\/\/secure.gravatar.com\/avatar\/91b1fc57487c55a66a7777af0dd690bf69c571b4a9b15cda0db8854a78b7888c?s=96&d=mm&r=g","height":96,"width":96}},"publisher":{"@type":"Organization","name":"nacevi.cz","logo":{"@type":"ImageObject","@id":"\/logo.png","url":"\/logo.png","width":600,"height":60}},"image":{"@type":"ImageObject","@id":"https:\/\/www.nacevi.cz\/wp-content\/uploads\/penize_na_ceste_OHUjv4.jpg","url":"https:\/\/www.nacevi.cz\/wp-content\/uploads\/penize_na_ceste_OHUjv4.jpg","height":0,"width":0},"wordCount":805,"keywords":null},{"@type":"Article","@id":"https:\/\/www.nacevi.cz\/znici-nicive-zbrane-nasi-planetu\/","headline":"Zni\u010d\u00ed ni\u010div\u00e9 zbran\u011b na\u0161i planetu?","url":"https:\/\/www.nacevi.cz\/znici-nicive-zbrane-nasi-planetu\/","datePublished":"2025-08-26","dateModified":"2025-08-26","mainEntityOfPage":"https:\/\/www.nacevi.cz\/znici-nicive-zbrane-nasi-planetu\/","author":{"@type":"Person","@id":"https:\/\/www.nacevi.cz\/author\/#Person","name":"","url":"https:\/\/www.nacevi.cz\/author\/","identifier":1,"image":{"@type":"ImageObject","@id":"https:\/\/secure.gravatar.com\/avatar\/91b1fc57487c55a66a7777af0dd690bf69c571b4a9b15cda0db8854a78b7888c?s=96&d=mm&r=g","url":"https:\/\/secure.gravatar.com\/avatar\/91b1fc57487c55a66a7777af0dd690bf69c571b4a9b15cda0db8854a78b7888c?s=96&d=mm&r=g","height":96,"width":96}},"publisher":{"@type":"Organization","name":"nacevi.cz","logo":{"@type":"ImageObject","@id":"\/logo.png","url":"\/logo.png","width":600,"height":60}},"image":{"@type":"ImageObject","@id":"https:\/\/www.nacevi.cz\/wp-content\/uploads\/img_a344191_w2956_t1557662169.png","url":"https:\/\/www.nacevi.cz\/wp-content\/uploads\/img_a344191_w2956_t1557662169.png","height":0,"width":0},"wordCount":4488,"keywords":null},{"@type":"Article","@id":"https:\/\/www.nacevi.cz\/lavice-a-pivni-stoly-pro-komorni-setkani-i-velke-akce\/","headline":"Lavice a pivn\u00ed stoly &#8211; pro komorn\u00ed setk\u00e1n\u00ed i velk\u00e9 akce","url":"https:\/\/www.nacevi.cz\/lavice-a-pivni-stoly-pro-komorni-setkani-i-velke-akce\/","datePublished":"2025-05-21","dateModified":"2025-05-21","mainEntityOfPage":"https:\/\/www.nacevi.cz\/lavice-a-pivni-stoly-pro-komorni-setkani-i-velke-akce\/","author":{"@type":"Person","@id":"https:\/\/www.nacevi.cz\/author\/#Person","name":"","url":"https:\/\/www.nacevi.cz\/author\/","identifier":1,"image":{"@type":"ImageObject","@id":"https:\/\/secure.gravatar.com\/avatar\/91b1fc57487c55a66a7777af0dd690bf69c571b4a9b15cda0db8854a78b7888c?s=96&d=mm&r=g","url":"https:\/\/secure.gravatar.com\/avatar\/91b1fc57487c55a66a7777af0dd690bf69c571b4a9b15cda0db8854a78b7888c?s=96&d=mm&r=g","height":96,"width":96}},"publisher":{"@type":"Organization","name":"nacevi.cz","logo":{"@type":"ImageObject","@id":"\/logo.png","url":"\/logo.png","width":600,"height":60}},"image":{"@type":"ImageObject","@id":"https:\/\/www.nacevi.cz\/wp-content\/uploads\/pivni_lavice_S83IUo.jpg","url":"https:\/\/www.nacevi.cz\/wp-content\/uploads\/pivni_lavice_S83IUo.jpg","height":0,"width":0},"wordCount":974,"keywords":null},{"@type":"Article","@id":"https:\/\/www.nacevi.cz\/nejnovejsi-modni-obleceni-pro-vas\/","headline":"Nejnov\u011bj\u0161\u00ed m\u00f3dn\u00ed oble\u010den\u00ed pro V\u00e1s","url":"https:\/\/www.nacevi.cz\/nejnovejsi-modni-obleceni-pro-vas\/","datePublished":"2025-04-25","dateModified":"2025-04-25","mainEntityOfPage":"https:\/\/www.nacevi.cz\/nejnovejsi-modni-obleceni-pro-vas\/","author":{"@type":"Person","@id":"https:\/\/www.nacevi.cz\/author\/#Person","name":"","url":"https:\/\/www.nacevi.cz\/author\/","identifier":1,"image":{"@type":"ImageObject","@id":"https:\/\/secure.gravatar.com\/avatar\/91b1fc57487c55a66a7777af0dd690bf69c571b4a9b15cda0db8854a78b7888c?s=96&d=mm&r=g","url":"https:\/\/secure.gravatar.com\/avatar\/91b1fc57487c55a66a7777af0dd690bf69c571b4a9b15cda0db8854a78b7888c?s=96&d=mm&r=g","height":96,"width":96}},"publisher":{"@type":"Organization","name":"nacevi.cz","logo":{"@type":"ImageObject","@id":"\/logo.png","url":"\/logo.png","width":600,"height":60}},"image":null,"wordCount":226,"keywords":null},{"@type":"Article","@id":"https:\/\/www.nacevi.cz\/nase-zdrave-konopne-vyrobky\/","headline":"Na\u0161e zdrav\u00e9 konopn\u00e9 v\u00fdrobky","url":"https:\/\/www.nacevi.cz\/nase-zdrave-konopne-vyrobky\/","datePublished":"2025-04-16","dateModified":"2025-04-16","mainEntityOfPage":"https:\/\/www.nacevi.cz\/nase-zdrave-konopne-vyrobky\/","author":{"@type":"Person","@id":"https:\/\/www.nacevi.cz\/author\/#Person","name":"","url":"https:\/\/www.nacevi.cz\/author\/","identifier":1,"image":{"@type":"ImageObject","@id":"https:\/\/secure.gravatar.com\/avatar\/91b1fc57487c55a66a7777af0dd690bf69c571b4a9b15cda0db8854a78b7888c?s=96&d=mm&r=g","url":"https:\/\/secure.gravatar.com\/avatar\/91b1fc57487c55a66a7777af0dd690bf69c571b4a9b15cda0db8854a78b7888c?s=96&d=mm&r=g","height":96,"width":96}},"publisher":{"@type":"Organization","name":"nacevi.cz","logo":{"@type":"ImageObject","@id":"\/logo.png","url":"\/logo.png","width":600,"height":60}},"image":null,"wordCount":242,"keywords":null},{"@type":"Article","@id":"https:\/\/www.nacevi.cz\/elektronicka-cigareta\/","headline":"Elektronick\u00e1 cigareta","url":"https:\/\/www.nacevi.cz\/elektronicka-cigareta\/","datePublished":"2025-04-12","dateModified":"2025-04-12","mainEntityOfPage":"https:\/\/www.nacevi.cz\/elektronicka-cigareta\/","author":{"@type":"Person","@id":"https:\/\/www.nacevi.cz\/author\/#Person","name":"","url":"https:\/\/www.nacevi.cz\/author\/","identifier":1,"image":{"@type":"ImageObject","@id":"https:\/\/secure.gravatar.com\/avatar\/91b1fc57487c55a66a7777af0dd690bf69c571b4a9b15cda0db8854a78b7888c?s=96&d=mm&r=g","url":"https:\/\/secure.gravatar.com\/avatar\/91b1fc57487c55a66a7777af0dd690bf69c571b4a9b15cda0db8854a78b7888c?s=96&d=mm&r=g","height":96,"width":96}},"publisher":{"@type":"Organization","name":"nacevi.cz","logo":{"@type":"ImageObject","@id":"\/logo.png","url":"\/logo.png","width":600,"height":60}},"image":null,"wordCount":219,"keywords":null},{"@type":"Article","@id":"https:\/\/www.nacevi.cz\/chcete-vyhodne-nakoupit\/","headline":"Chcete v\u00fdhodn\u011b nakoupit","url":"https:\/\/www.nacevi.cz\/chcete-vyhodne-nakoupit\/","datePublished":"2025-04-01","dateModified":"2025-04-01","mainEntityOfPage":"https:\/\/www.nacevi.cz\/chcete-vyhodne-nakoupit\/","author":{"@type":"Person","@id":"https:\/\/www.nacevi.cz\/author\/#Person","name":"","url":"https:\/\/www.nacevi.cz\/author\/","identifier":1,"image":{"@type":"ImageObject","@id":"https:\/\/secure.gravatar.com\/avatar\/91b1fc57487c55a66a7777af0dd690bf69c571b4a9b15cda0db8854a78b7888c?s=96&d=mm&r=g","url":"https:\/\/secure.gravatar.com\/avatar\/91b1fc57487c55a66a7777af0dd690bf69c571b4a9b15cda0db8854a78b7888c?s=96&d=mm&r=g","height":96,"width":96}},"publisher":{"@type":"Organization","name":"nacevi.cz","logo":{"@type":"ImageObject","@id":"\/logo.png","url":"\/logo.png","width":600,"height":60}},"image":null,"wordCount":237,"keywords":null},{"@type":"Article","@id":"https:\/\/www.nacevi.cz\/korek-jako-izolacni-material-v-tiny-housech-a-obytnych-vozech\/","headline":"Korek jako izola\u010dn\u00ed materi\u00e1l v tiny housech a obytn\u00fdch vozech","url":"https:\/\/www.nacevi.cz\/korek-jako-izolacni-material-v-tiny-housech-a-obytnych-vozech\/","datePublished":"2025-03-25","dateModified":"2025-09-24","mainEntityOfPage":"https:\/\/www.nacevi.cz\/korek-jako-izolacni-material-v-tiny-housech-a-obytnych-vozech\/","author":{"@type":"Person","@id":"https:\/\/www.nacevi.cz\/author\/#Person","name":"","url":"https:\/\/www.nacevi.cz\/author\/","identifier":1,"image":{"@type":"ImageObject","@id":"https:\/\/secure.gravatar.com\/avatar\/91b1fc57487c55a66a7777af0dd690bf69c571b4a9b15cda0db8854a78b7888c?s=96&d=mm&r=g","url":"https:\/\/secure.gravatar.com\/avatar\/91b1fc57487c55a66a7777af0dd690bf69c571b4a9b15cda0db8854a78b7888c?s=96&d=mm&r=g","height":96,"width":96}},"publisher":{"@type":"Organization","name":"nacevi.cz","logo":{"@type":"ImageObject","@id":"\/logo.png","url":"\/logo.png","width":600,"height":60}},"image":{"@type":"ImageObject","@id":"https:\/\/www.nacevi.cz\/wp-content\/uploads\/izolacni_material_DYaAvw.jpg","url":"https:\/\/www.nacevi.cz\/wp-content\/uploads\/izolacni_material_DYaAvw.jpg","height":0,"width":0},"wordCount":1095,"keywords":null}]},{"@context":"https:\/\/schema.org","@type":"WebSite","@id":"https:\/\/www.nacevi.cz\/#website","name":"Nacevi","url":"https:\/\/www.nacevi.cz","potentialAction":{"@type":"SearchAction","target":"https:\/\/www.nacevi.cz\/?s={search_term_string}","query-input":"required name=search_term_string"}}]